{"id":17504,"date":"2023-03-05T06:49:00","date_gmt":"2023-03-05T05:49:00","guid":{"rendered":"https:\/\/www.zaglebiak.com\/?p=17504"},"modified":"2023-03-04T21:53:10","modified_gmt":"2023-03-04T20:53:10","slug":"5-marca-urodzili-sie-janusz-przybylo-andrzej-turkowski-i-szymon-weirauch","status":"publish","type":"post","link":"https:\/\/www.zaglebiak.com\/index.php\/2023\/03\/05\/5-marca-urodzili-sie-janusz-przybylo-andrzej-turkowski-i-szymon-weirauch\/","title":{"rendered":"5 marca urodzili si\u0119 Janusz Przyby\u0142o, Andrzej Turkowski i Szymon Weirauch"},"content":{"rendered":"\n<figure class=\"wp-block-image size-full\"><img loading=\"lazy\" decoding=\"async\" width=\"1155\" height=\"833\" src=\"https:\/\/64.media.tumblr.com\/f0c93b92ddf2933852760d954c987731\/758b74bc16fd1ed9-86\/s1280x1920\/ff6836b8cda061399bc7cd3b2c510edb6760833f.jpg\" alt=\"\" class=\"wp-image-17497\"\/><figcaption class=\"wp-element-caption\">Janusz Przyby\u0142o kuca 2 od prawej<\/figcaption><\/figure>\n\n\n\n<p>Janusz Przyby\u0142o urodzi\u0142 si\u0119 5 marca 1961 roku. Zawodnik Zag\u0142\u0119bia Lubin lat 80. Prezes Zrzeszenia LZS w Lubinie. Prowadzi\u0142 dru\u017cyny SCS Amico Lubin, G\u00f3rnika Polkowice oraz \u017ce\u0144sk\u0105 dru\u017cyn\u0119 LUKS Ziemi Lubi\u0144skiej Czerniec. Zmar\u0142 15 sierpnia 2021 roku.<\/p>\n\n\n\n<figure class=\"wp-block-image size-full\"><img loading=\"lazy\" decoding=\"async\" width=\"2048\" height=\"1500\" src=\"https:\/\/64.media.tumblr.com\/a1e216a908c76a962edb83f6738e4d75\/758b74bc16fd1ed9-4a\/s2048x3072\/5e6b0dc108de4a108dc17c8daedd3c3f33a66ed8.jpg\" alt=\"\" class=\"wp-image-17495\"\/><figcaption class=\"wp-element-caption\">Andrzej Turkowski. Fot. Jerzy Kosi\u0144ski<\/figcaption><\/figure>\n\n\n\n<p>Andrzej Turkowski urodzi\u0142 si\u0119 5 marca 1959 roku w Le\u015bnej. Wychowanek W\u0142\u00f3kniarza Le\u015bna. Do Zag\u0142\u0119bia Lubin trafi\u0142 wczerwcu 1982 roku z Lechii Piechowice. Zawodnik lubi\u0144skiego klubu w latach 1984-1986 oraz w sezonie 1993\/1994. Obecnie trener w Akademii Zag\u0142\u0119bia Lubin.<\/p>\n\n\n<div class=\"wp-block-image\">\n<figure class=\"aligncenter size-full\"><img loading=\"lazy\" decoding=\"async\" width=\"720\" height=\"724\" src=\"https:\/\/64.media.tumblr.com\/19cb1f39dd782990e9745582a9efdd73\/758b74bc16fd1ed9-78\/s1280x1920\/edad7f09e59e4bb131867626a37ea63d42f18a53.jpg\" alt=\"\" class=\"wp-image-17499\"\/><figcaption class=\"wp-element-caption\">Szymon Weirauch. Fot. zaglebie.com<\/figcaption><\/figure>\n<\/div>\n\n\n<p>Szymon Weirauch urodzi\u0142 si\u0119 5 marca 2004 roku. Wiosn\u0105 2016 roku do\u0142\u0105czy\u0142 do junior\u00f3w Zag\u0142\u0119bia Lubin z G\u00f3rnika Wa\u0142brzych. Bramkarz znajduj\u0105cy si\u0119 w kadrze pierwszej dru\u017cyny Zag\u0142\u0119bia Lubin.<\/p>\n","protected":false},"excerpt":{"rendered":"<p>Janusz Przyby\u0142o urodzi\u0142 si\u0119 5 marca 1961 roku. Zawodnik Zag\u0142\u0119bia Lubin lat 80. Prezes Zrzeszenia LZS w Lubinie. Prowadzi\u0142 dru\u017cyny SCS Amico Lubin, G\u00f3rnika Polkowice oraz \u017ce\u0144sk\u0105 dru\u017cyn\u0119 LUKS Ziemi&hellip; <\/p>\n","protected":false},"author":1,"featured_media":17497,"comment_status":"open","ping_status":"open","sticky":false,"template":"","format":"standard","meta":{"footnotes":""},"categories":[46],"tags":[455,456,457,89],"class_list":["post-17504","post","type-post","status-publish","format-standard","has-post-thumbnail","hentry","category-aktualnosci","tag-andrzej-turkowski","tag-janusz-przybylo","tag-szymon-weirauch","tag-zaglebie-lubin"],"_links":{"self":[{"href":"https:\/\/www.zaglebiak.com\/index.php\/wp-json\/wp\/v2\/posts\/17504","targetHints":{"allow":["GET"]}}],"collection":[{"href":"https:\/\/www.zaglebiak.com\/index.php\/wp-json\/wp\/v2\/posts"}],"about":[{"href":"https:\/\/www.zaglebiak.com\/index.php\/wp-json\/wp\/v2\/types\/post"}],"author":[{"embeddable":true,"href":"https:\/\/www.zaglebiak.com\/index.php\/wp-json\/wp\/v2\/users\/1"}],"replies":[{"embeddable":true,"href":"https:\/\/www.zaglebiak.com\/index.php\/wp-json\/wp\/v2\/comments?post=17504"}],"version-history":[{"count":1,"href":"https:\/\/www.zaglebiak.com\/index.php\/wp-json\/wp\/v2\/posts\/17504\/revisions"}],"predecessor-version":[{"id":17505,"href":"https:\/\/www.zaglebiak.com\/index.php\/wp-json\/wp\/v2\/posts\/17504\/revisions\/17505"}],"wp:featuredmedia":[{"embeddable":true,"href":"https:\/\/www.zaglebiak.com\/index.php\/wp-json\/wp\/v2\/media\/17497"}],"wp:attachment":[{"href":"https:\/\/www.zaglebiak.com\/index.php\/wp-json\/wp\/v2\/media?parent=17504"}],"wp:term":[{"taxonomy":"category","embeddable":true,"href":"https:\/\/www.zaglebiak.com\/index.php\/wp-json\/wp\/v2\/categories?post=17504"},{"taxonomy":"post_tag","embeddable":true,"href":"https:\/\/www.zaglebiak.com\/index.php\/wp-json\/wp\/v2\/tags?post=17504"}],"curies":[{"name":"wp","href":"https:\/\/api.w.org\/{rel}","templated":true}]}}