{"id":17456,"date":"2023-03-03T08:26:09","date_gmt":"2023-03-03T07:26:09","guid":{"rendered":"https:\/\/www.zaglebiak.com\/?p=17456"},"modified":"2023-03-03T08:26:10","modified_gmt":"2023-03-03T07:26:10","slug":"3-marca-urodzili-sie-stefan-kiec-i-ben-van-dael-2","status":"publish","type":"post","link":"https:\/\/www.zaglebiak.com\/index.php\/2023\/03\/03\/3-marca-urodzili-sie-stefan-kiec-i-ben-van-dael-2\/","title":{"rendered":"3 marca urodzili si\u0119 Stefan Kie\u0107 i Ben van Dael"},"content":{"rendered":"<div class=\"wp-block-image\">\n<figure class=\"aligncenter size-full\"><img loading=\"lazy\" decoding=\"async\" width=\"303\" height=\"439\" src=\"https:\/\/64.media.tumblr.com\/a291fc62d16b7a51cc0b6dcab8a41e80\/563b7a4cac0ffe2e-c9\/s400x600\/b80bf36584c257a6177d234438a3a10083087d27.jpg\" alt=\"\" class=\"wp-image-17453\"\/><figcaption class=\"wp-element-caption\">Stefan Kie\u0107<\/figcaption><\/figure>\n<\/div>\n\n\n<p>Stefan Kie\u0107 urodzi\u0142 si\u0119 3 marca 1917 roku. By\u0142 bramkarzem OMTUR Zawiszy i Gwardii Lubin. P\u00f3\u017aniej dzia\u0142a\u0142 przy klubie. Zmar\u0142 12 wrze\u015bnia 1988 roku.<\/p>\n\n\n\n<figure class=\"wp-block-image size-full\"><img loading=\"lazy\" decoding=\"async\" width=\"768\" height=\"920\" src=\"https:\/\/64.media.tumblr.com\/a610565f1c34a97b63ca868b4121bfb1\/563b7a4cac0ffe2e-a0\/s1280x1920\/7604270508f278b0daa6941cded2b5abcc581000.jpg\" alt=\"\" class=\"wp-image-17451\"\/><figcaption class=\"wp-element-caption\">Ben van Deal. Fot. zaglebie.com<\/figcaption><\/figure>\n\n\n\n<p>Ben van Dael urodzi\u0142 si\u0119 3 marca 1965 roku w Swalmen. Holenderski trener najpierw zwi\u0105za\u0142 si\u0119 z lubi\u0144sk\u0105 Akademi\u0105, a nast\u0119pnie zosta\u0142 asystentem Mariusza Lewandowskiego. Po jego zwolnieniu obj\u0105\u0142 funkcj\u0119 pierwszego trenera Zag\u0142\u0119bia Lubin, kt\u00f3r\u0105 sprawowa\u0142 od pa\u017adziernika 2018 roku do sierpnia 2019.<\/p>\n","protected":false},"excerpt":{"rendered":"<p>Stefan Kie\u0107 urodzi\u0142 si\u0119 3 marca 1917 roku. By\u0142 bramkarzem OMTUR Zawiszy i Gwardii Lubin. P\u00f3\u017aniej dzia\u0142a\u0142 przy klubie. Zmar\u0142 12 wrze\u015bnia 1988 roku. Ben van Dael urodzi\u0142 si\u0119 3&hellip; <\/p>\n","protected":false},"author":1,"featured_media":17455,"comment_status":"open","ping_status":"open","sticky":false,"template":"","format":"standard","meta":{"footnotes":""},"categories":[46],"tags":[1782,448,89],"class_list":["post-17456","post","type-post","status-publish","format-standard","has-post-thumbnail","hentry","category-aktualnosci","tag-ben-van-dael","tag-stefan-kiec","tag-zaglebie-lubin"],"_links":{"self":[{"href":"https:\/\/www.zaglebiak.com\/index.php\/wp-json\/wp\/v2\/posts\/17456","targetHints":{"allow":["GET"]}}],"collection":[{"href":"https:\/\/www.zaglebiak.com\/index.php\/wp-json\/wp\/v2\/posts"}],"about":[{"href":"https:\/\/www.zaglebiak.com\/index.php\/wp-json\/wp\/v2\/types\/post"}],"author":[{"embeddable":true,"href":"https:\/\/www.zaglebiak.com\/index.php\/wp-json\/wp\/v2\/users\/1"}],"replies":[{"embeddable":true,"href":"https:\/\/www.zaglebiak.com\/index.php\/wp-json\/wp\/v2\/comments?post=17456"}],"version-history":[{"count":1,"href":"https:\/\/www.zaglebiak.com\/index.php\/wp-json\/wp\/v2\/posts\/17456\/revisions"}],"predecessor-version":[{"id":17457,"href":"https:\/\/www.zaglebiak.com\/index.php\/wp-json\/wp\/v2\/posts\/17456\/revisions\/17457"}],"wp:featuredmedia":[{"embeddable":true,"href":"https:\/\/www.zaglebiak.com\/index.php\/wp-json\/wp\/v2\/media\/17455"}],"wp:attachment":[{"href":"https:\/\/www.zaglebiak.com\/index.php\/wp-json\/wp\/v2\/media?parent=17456"}],"wp:term":[{"taxonomy":"category","embeddable":true,"href":"https:\/\/www.zaglebiak.com\/index.php\/wp-json\/wp\/v2\/categories?post=17456"},{"taxonomy":"post_tag","embeddable":true,"href":"https:\/\/www.zaglebiak.com\/index.php\/wp-json\/wp\/v2\/tags?post=17456"}],"curies":[{"name":"wp","href":"https:\/\/api.w.org\/{rel}","templated":true}]}}