{"id":17334,"date":"2023-02-20T09:04:49","date_gmt":"2023-02-20T08:04:49","guid":{"rendered":"https:\/\/www.zaglebiak.com\/?p=17334"},"modified":"2023-02-20T09:04:52","modified_gmt":"2023-02-20T08:04:52","slug":"20-lutego-urodzili-sie-dusan-dokic-i-rafal-kusowski-3","status":"publish","type":"post","link":"https:\/\/www.zaglebiak.com\/index.php\/2023\/02\/20\/20-lutego-urodzili-sie-dusan-dokic-i-rafal-kusowski-3\/","title":{"rendered":"20 lutego urodzili si\u0119 Dusan Doki\u0107 i Rafa\u0142 Kusowski"},"content":{"rendered":"<div class=\"wp-block-image\">\n<figure class=\"aligncenter size-full\"><img loading=\"lazy\" decoding=\"async\" width=\"270\" height=\"354\" src=\"https:\/\/64.media.tumblr.com\/547ac27fa073c7688ffe04f1a28aa8fb\/510baae5d85df988-9a\/s400x600\/bb00ba60af8ea7e549592aab05dc6752cf801f58.jpg\" alt=\"\" class=\"wp-image-17331\"\/><figcaption class=\"wp-element-caption\">Dusan Doki\u0107. Fot. zaglebie.com<\/figcaption><\/figure>\n<\/div>\n\n\n<p>Dusan Doki\u0107 urodzi\u0142 si\u0119 20 lutego 1980 roku w Prokuplje. Do Zag\u0142\u0119bia Lubin przyszed\u0142 z Chin. W sezonie 2010\/2011 rozegra\u0142 6 spotka\u0144 i nie strzeli\u0142 \u017cadnej bramki. Odszed\u0142 do saudyjskiego Najran SC.<\/p>\n\n\n<div class=\"wp-block-image\">\n<figure class=\"aligncenter size-full is-resized\"><img loading=\"lazy\" decoding=\"async\" src=\"https:\/\/64.media.tumblr.com\/996da2e6d04ce2168c3d52d21fd1ba1a\/510baae5d85df988-da\/s250x400\/aeb0bfa428a38f67291b3b61bf2486e91336bbb8.jpg\" alt=\"\" class=\"wp-image-17333\" width=\"407\" height=\"465\"\/><figcaption class=\"wp-element-caption\">Rafa\u0142 Kusowski. Fot. zaglebie.com<\/figcaption><\/figure>\n<\/div>\n\n\n<p>Rafa\u0142 Kusowski urodzi\u0142 si\u0119 20 lutego 1992 roku w Legnicy. Do junior\u00f3w Zag\u0142\u0119bia Lubin przyszed\u0142 z Iskry Kochlice. Z Zag\u0142\u0119biem zwi\u0105zany do 2012 roku. Mistrz M\u0142odej Ekstraklasy. Odszed\u0142 do KS Polkowice, a nast\u0119pnie gra\u0142 w Iskrze Kochlice i Orkanie Szczedrzykowice.<\/p>\n","protected":false},"excerpt":{"rendered":"<p>Dusan Doki\u0107 urodzi\u0142 si\u0119 20 lutego 1980 roku w Prokuplje. Do Zag\u0142\u0119bia Lubin przyszed\u0142 z Chin. W sezonie 2010\/2011 rozegra\u0142 6 spotka\u0144 i nie strzeli\u0142 \u017cadnej bramki. Odszed\u0142 do saudyjskiego&hellip; <\/p>\n","protected":false},"author":1,"featured_media":17329,"comment_status":"open","ping_status":"open","sticky":false,"template":"","format":"standard","meta":{"footnotes":""},"categories":[46],"tags":[419,420,89],"class_list":["post-17334","post","type-post","status-publish","format-standard","has-post-thumbnail","hentry","category-aktualnosci","tag-dusan-dokic","tag-rafal-kusowski","tag-zaglebie-lubin"],"_links":{"self":[{"href":"https:\/\/www.zaglebiak.com\/index.php\/wp-json\/wp\/v2\/posts\/17334","targetHints":{"allow":["GET"]}}],"collection":[{"href":"https:\/\/www.zaglebiak.com\/index.php\/wp-json\/wp\/v2\/posts"}],"about":[{"href":"https:\/\/www.zaglebiak.com\/index.php\/wp-json\/wp\/v2\/types\/post"}],"author":[{"embeddable":true,"href":"https:\/\/www.zaglebiak.com\/index.php\/wp-json\/wp\/v2\/users\/1"}],"replies":[{"embeddable":true,"href":"https:\/\/www.zaglebiak.com\/index.php\/wp-json\/wp\/v2\/comments?post=17334"}],"version-history":[{"count":1,"href":"https:\/\/www.zaglebiak.com\/index.php\/wp-json\/wp\/v2\/posts\/17334\/revisions"}],"predecessor-version":[{"id":17335,"href":"https:\/\/www.zaglebiak.com\/index.php\/wp-json\/wp\/v2\/posts\/17334\/revisions\/17335"}],"wp:featuredmedia":[{"embeddable":true,"href":"https:\/\/www.zaglebiak.com\/index.php\/wp-json\/wp\/v2\/media\/17329"}],"wp:attachment":[{"href":"https:\/\/www.zaglebiak.com\/index.php\/wp-json\/wp\/v2\/media?parent=17334"}],"wp:term":[{"taxonomy":"category","embeddable":true,"href":"https:\/\/www.zaglebiak.com\/index.php\/wp-json\/wp\/v2\/categories?post=17334"},{"taxonomy":"post_tag","embeddable":true,"href":"https:\/\/www.zaglebiak.com\/index.php\/wp-json\/wp\/v2\/tags?post=17334"}],"curies":[{"name":"wp","href":"https:\/\/api.w.org\/{rel}","templated":true}]}}