{"id":16879,"date":"2023-01-23T10:38:24","date_gmt":"2023-01-23T09:38:24","guid":{"rendered":"https:\/\/www.zaglebiak.com\/?p=16879"},"modified":"2023-01-23T10:39:48","modified_gmt":"2023-01-23T09:39:48","slug":"zapraszamy-na-platne-wczasy-do-zaglebia","status":"publish","type":"post","link":"https:\/\/www.zaglebiak.com\/index.php\/2023\/01\/23\/zapraszamy-na-platne-wczasy-do-zaglebia\/","title":{"rendered":"Zapraszamy na p\u0142atne wczasy do Zag\u0142\u0119bia?!"},"content":{"rendered":"\n<p>Logika Burlika w ostatnich miesi\u0105cach sprowadza si\u0119 do absurdalnych dzia\u0142a\u0144, prace dyrektora mo\u017cna sprowadzi\u0107 do uproszczonych, mo\u017ce zabawnych, ale przede wszystkim tragicznych tez: ta logika, to bierz bramkarza i obro\u0144c\u0119 cho\u0107 potrzeba napastnika; idzie zima bierz kolejnego Gruzina; albo przypadkowego z Hiszpanii ananasa, cho\u0107 wygl\u0105da na grubasa! Mia\u0142o by\u0107 lepiej, profesjonalniej, skuteczniej a kilka dni przed startem rundy jesiennej zn\u00f3w jeste\u015bmy w\u2026 no w\u0142a\u015bnie, quo vadis Zag\u0142\u0119bie Lubin?!<\/p>\n\n\n\n<p>Ju\u017c pisali\u015bmy o pozyskaniu bocznego obro\u0144cy za ba\u0144k\u0119, mamy nadziej\u0119, \u017ce Mateusz Grzybek oka\u017ce si\u0119 kozakiem i za kilka tygodni odszczekamy stwierdzenie, \u017ce przep\u0142acili\u015bmy za niego \u2013 tym bardziej, \u017ce na tle testowanych i przymierzanych do Zag\u0142\u0119bia innych nabytk\u00f3w, prezentuje si\u0119 nader soolidnie. Niestety kolejne dzia\u0142ania klubowych decydent\u00f3w jeszcze mniej nam si\u0119 podobaj\u0105, wydaj\u0105 si\u0119 jeszcze bardziej nielogiczne i smutne. Swoj\u0105 drog\u0105 zastanawiamy si\u0119, czy prezes Micha\u0142 Kielan tak samo w\u0142adzom KGHM obiecuje z\u0142ote g\u00f3ry i post\u0119p, jak robi to kibicom od pocz\u0105tku swojej kadencji? Tutaj liczymy na nowego przewodnicz\u0105cego rady nadzorczej, kt\u00f3ry zapowiada mocne zaanga\u017cowanie w temat klubu!<\/p>\n\n\n\n<p>Zacznijmy od ko\u0144ca, bo najwi\u0119ksz\u0105 zagwozdk\u0119 mamy z Kacprem Bieszczadem \u2013 mamy m\u0142odego i perspektywicznego bramkarza, kt\u00f3ry ma pomys\u0142 na siebie, jest sympatyczny, ale przede wszystkim rokuje na przysz\u0142o\u015b\u0107. Jesieni\u0105 w mediach ch\u0142opaka identyfikuj\u0105cego si\u0119 z Zag\u0142\u0119biem przerysowa\u0142 nasz dyro Piotr Burlikowski, zarzucaj\u0105c, \u017ce nie wybroni\u0142 swojej dru\u017cynie dotychczas meczu, jednocze\u015bnie odebrali\u015bmy te g\u0142\u0119bokie analizy troch\u0119 jakby pstryczek w nos, za jego kontakt z kibicami i aktywno\u015b\u0107 w mediach spo\u0142eczno\u015bciowych\u2026 Rozumiemy, \u017ce w opinii dyrektora mecz z Miedzi\u0105 Legnica wybroni\u0142 zab\u00f3jczy duet os\u0142awionych braci Chaczapuri z Gruzji, co do kt\u00f3rych postawy Piotr Burlikowski chyba wi\u0119kszych zastrze\u017ce\u0144 nie ma, bo na jak\u0105kolwiek krytyk\u0119 sobie dotychczas nie pozwoli\u0142? Prawdziwy hit jednak to doniesienia, \u017ce w\u0142a\u015bnie do Lubina podpisa\u0107 kontrakt jedzie kolejny bramkarz! Sokratis Dioudis z Grecji zapewne z miejsca \u015bwietnie dogada si\u0119 z lini\u0105 obrony, zna bowiem j\u0119zyk i realia, broni\u0142 na polskich boiskach w styczniu i lutym, wi\u0119c nic go nie zaskoczy! Mamy przyk\u0142ad \u015bwietnie skomunikowanego z kolegami Gurama Gorbelidze, kt\u00f3ry jesieni\u0105 pojawiaj\u0105c si\u0119 czasem na chwil\u0119, potrafi\u0142 rywalom sprezentowa\u0107 gola\u2026 W obwodzie pozostaje te\u017c do\u015bwiadczony Jasmin Buri\u0107. Ciekawe czy z tymi decyzjami zgadza si\u0119 trener Waldemar Fornalik, go\u015b\u0107 wydaje si\u0119 realist\u0105, kt\u00f3ry w przeciwie\u0144stwie do szefa klubu o szklanych domach nie m\u00f3wi.<\/p>\n\n\n\n<p>Zag\u0142\u0119bie jest najwyra\u017aniej zadowolone ze wsp\u00f3\u0142pracy ze wspominanymi ju\u017c Gruzinami, bo prowadzi rozmowy w sprawie pozyskania gruzi\u0144skiego napastnika, wyst\u0119puj\u0105cego w w\u0119gierskim Fehervarze &#8211; Budu Zivzivadze?! \u015awi\u0119ci pa\u0144scy, po rundzie jesiennej nale\u017ca\u0142o posypa\u0107 g\u0142owy popio\u0142em i z miejsca rozpocz\u0105\u0107 negocjacje, by Gorbelidze i Gaprindashvili na jak najkorzystniejszych warunkach opu\u015bcili nasz klub, a nie sprowadza\u0107 im kompana! Go\u015b\u0107 prawdopodobnie nie jest totalnym og\u00f3rkiem, ale w obecnym sezonie strzeli\u0142 JEDNEGO gola! Dzi\u0119kujemy. Alexander Nano Mesa (vel MASA w opiniach kibic\u00f3w) nie zostanie na szcz\u0119\u015bcie naszym napastnikiem, Hiszpan nie zaliczy\u0142 test\u00f3w i wr\u00f3ci\u0142 dalej si\u0119 obija\u0107 w jakie\u015b s\u0142oneczne rejony Europy. Snajper, kt\u00f3rego Zag\u0142\u0119bie potrzebuje jak kania d\u017cd\u017cu, przyjecha\u0142 mocno zapuszczony, bo przecie\u017c kto by si\u0119 spodziewa\u0142, \u017ce bezrobotny od p\u00f3\u0142 roku zawodnik, kt\u00f3ry sezon wcze\u015bniej zdoby\u0142 dwa gole, nie zbawi nam zespo\u0142u?! Swoj\u0105 drog\u0105 pytamy po raz wt\u00f3ry, kto tych zawodowc\u00f3w nam naraja i ich skautuje?! Je\u015bli chodzi o skautowanie, to ten najlepiej wyskautowany zdaniem prezesa Kielana Cheikhou Dieng nadal jest w klubie czy go nie ma?! Nie by\u0142o komunikatu, nikt nie raczy\u0142 poinformowa\u0107 o planach wobec pi\u0142karza, kt\u00f3ry za darmo raczej w Zag\u0142\u0119biu nie siedzi. Panie Burlikowski prosimy jednak by troch\u0119 tych spraw poporz\u0105dkowa\u0107, a wyp\u0142acanie ekwiwalent\u00f3w tym, co si\u0119 nie sprawdzaj\u0105, nie oznacza rozwi\u0105zania problem\u00f3w, bo klub te \u015brodki dysponuje ze swego bud\u017cetu. Pieni\u0105dze warto przeznacza\u0107 na kogo\u015b kto rokuje, w normalnym \u015bwiecie to tury\u015bci p\u0142ac\u0105 za swoje wycieczki\u2026<\/p>\n\n\n\n<p>Ostatnio troch\u0119 milczeli\u015bmy, czekali\u015bmy bowiem na konkretne ruchy i dzia\u0142ania. Niestety nie widzimy zn\u00f3w pozytyw\u00f3w, a mamy nieodparte wra\u017cenie, \u017ce pojawienie si\u0119 nowego przewodnicz\u0105cego rady nadzorczej spowoduje, \u017ce kilka os\u00f3b w najbli\u017cszych dniach b\u0119dzie pozorowa\u0142o robot\u0119, biegaj\u0105c z pust\u0105 taczk\u0105. Niebawem pom\u0105drzymy si\u0119 zn\u00f3w o komunikacji, mo\u017ce promocji mecz\u00f3w i karnet\u00f3w.<\/p>\n","protected":false},"excerpt":{"rendered":"<p>Logika Burlika w ostatnich miesi\u0105cach sprowadza si\u0119 do absurdalnych dzia\u0142a\u0144, prace dyrektora mo\u017cna sprowadzi\u0107 do uproszczonych, mo\u017ce zabawnych, ale przede wszystkim tragicznych tez: ta logika, to bierz bramkarza i obro\u0144c\u0119&hellip; <\/p>\n","protected":false},"author":11,"featured_media":16881,"comment_status":"open","ping_status":"open","sticky":false,"template":"","format":"standard","meta":{"footnotes":""},"categories":[7],"tags":[1184,1753,1102,1076,89],"class_list":["post-16879","post","type-post","status-publish","format-standard","has-post-thumbnail","hentry","category-felietony","tag-kghm","tag-marek-makuch","tag-michal-kielan","tag-piotr-burlikowski","tag-zaglebie-lubin"],"_links":{"self":[{"href":"https:\/\/www.zaglebiak.com\/index.php\/wp-json\/wp\/v2\/posts\/16879","targetHints":{"allow":["GET"]}}],"collection":[{"href":"https:\/\/www.zaglebiak.com\/index.php\/wp-json\/wp\/v2\/posts"}],"about":[{"href":"https:\/\/www.zaglebiak.com\/index.php\/wp-json\/wp\/v2\/types\/post"}],"author":[{"embeddable":true,"href":"https:\/\/www.zaglebiak.com\/index.php\/wp-json\/wp\/v2\/users\/11"}],"replies":[{"embeddable":true,"href":"https:\/\/www.zaglebiak.com\/index.php\/wp-json\/wp\/v2\/comments?post=16879"}],"version-history":[{"count":1,"href":"https:\/\/www.zaglebiak.com\/index.php\/wp-json\/wp\/v2\/posts\/16879\/revisions"}],"predecessor-version":[{"id":16884,"href":"https:\/\/www.zaglebiak.com\/index.php\/wp-json\/wp\/v2\/posts\/16879\/revisions\/16884"}],"wp:featuredmedia":[{"embeddable":true,"href":"https:\/\/www.zaglebiak.com\/index.php\/wp-json\/wp\/v2\/media\/16881"}],"wp:attachment":[{"href":"https:\/\/www.zaglebiak.com\/index.php\/wp-json\/wp\/v2\/media?parent=16879"}],"wp:term":[{"taxonomy":"category","embeddable":true,"href":"https:\/\/www.zaglebiak.com\/index.php\/wp-json\/wp\/v2\/categories?post=16879"},{"taxonomy":"post_tag","embeddable":true,"href":"https:\/\/www.zaglebiak.com\/index.php\/wp-json\/wp\/v2\/tags?post=16879"}],"curies":[{"name":"wp","href":"https:\/\/api.w.org\/{rel}","templated":true}]}}