{"id":1615,"date":"2020-10-17T22:16:47","date_gmt":"2020-10-17T20:16:47","guid":{"rendered":"http:\/\/www.zaglebiak.com\/?p=1615"},"modified":"2020-11-17T08:21:55","modified_gmt":"2020-11-17T07:21:55","slug":"dawid-plizga","status":"publish","type":"post","link":"https:\/\/www.zaglebiak.com\/index.php\/2020\/10\/17\/dawid-plizga\/","title":{"rendered":"Dawid Plizga"},"content":{"rendered":"\n<p><strong>Dawid Plizga ur. <\/strong>17 listopada 1985 roku w Rudzie \u015al\u0105skiej. Wychowanek Stadionu \u015al\u0105skiego Chorz\u00f3w. Zawodnik takich klub\u00f3w jak: GKS Katowice, Zag\u0142\u0119bie Lubin, Jagiellonia Bia\u0142ystok, G\u00f3rnik Zabrze, Termalica Nieciecza, LKS Gocza\u0142kowice-Zdr\u00f3j, ROW Rybnik i ostatnio jako graj\u0105cy trener w Unii Racib\u00f3rz. Trzykrotny reprezentant kraju.<\/p>\n\n\n\n<p><strong>Jak rozpocz\u0119\u0142a si\u0119 Pana przygoda z pi\u0142k\u0105 no\u017cn\u0105?<\/strong><\/p>\n\n\n\n<p>Przygoda z pi\u0142k\u0105 zacz\u0119\u0142a si\u0119 jak u ka\u017cdego. By\u0142o podw\u00f3rko, to gra\u0142o si\u0119 w pi\u0142k\u0119. Brak jakichkolwiek urz\u0105dze\u0144 elektronicznych, w przeciwie\u0144stwie do obecnych czas\u00f3w, powodowa\u0142 to, \u017ce wi\u0119kszo\u015b\u0107 czasu ch\u0142opcy sp\u0119dzali na dworze.<\/p>\n\n\n\n<p>Ka\u017cdy moment do gry by\u0142 dobry. Przed lekcjami, w czasie przerwy czy po lekcjach. Wa\u017cna by\u0142a tylko pi\u0142ka. Kto mia\u0142 swoj\u0105 pi\u0142k\u0119, ten rz\u0105dzi\u0142.<\/p>\n\n\n\n<p><strong>Prosz\u0119 przybli\u017cy\u0107 okres gry w dru\u017cynach juniorskich Stadionu \u015al\u0105skiego Chorz\u00f3w.<\/strong><\/p>\n\n\n\n<p>Od 9 roku \u017cycia wraz z kolegami z bloku rozpocz\u0119li\u015bmy wszyscy treningi w Stadionie \u015al\u0105skim. Decydowa\u0142a o tym g\u0142\u00f3wnie lokalizacja, poniewa\u017c mieli\u015bmy ok. 10 minut spacerem. Faktem te\u017c jest to, \u017ce stadion GKS by\u0142 niewiele dalej oddalony. Tak to wygl\u0105da\u0142o do oko\u0142o 13 roku \u017cycia. Mieli\u015bmy fajn\u0105 ekip\u0119, czterech zawodnik\u00f3w z dru\u017cyny zagra\u0142o w ekstraklasie.<\/p>\n\n\n\n<p>Dru\u017cyna Stadionu \u015al\u0105skiego nie mia\u0142a senior\u00f3w, wi\u0119c rodzice zadecydowali o moim dalszym losie i pomy\u015bleli, \u017ce je\u015bli chc\u0119 dalej gra\u0107 i licz\u0119 na profesjonaln\u0105 gr\u0119, to musz\u0119 znale\u017a\u0107 inn\u0105 dru\u017cyn\u0119. W taki spos\u00f3b, po d\u0142ugich pertraktacjach na linii Stadion-Rodzice-GKS przenios\u0142em si\u0119 na Bukow\u0105.<\/p>\n\n\n\n<p><strong>Prosz\u0119 opowiedzie\u0107 o czasie sp\u0119dzonym w GKS Katowice i debiucie w ekstraklasie w meczu przeciwko G\u00f3rnikowi Polkowice.<\/strong><\/p>\n\n\n\n<p>W GKS-ie Katowice trafi\u0142em pod opiek\u0119 Jana Furtoka.<\/p>\n\n\n\n<p>Debiut pami\u0119tam, ostatnie bodaj\u017ce 5 minut z Polkowicami (jak\u017ce blisko Lubina). Gdyby nie moje do\u015b\u0107 mocno starte buty (przez boisko boczne w Katowicach &#8211; popularna Sahara) mia\u0142bym okazj\u0119 na bramk\u0119, lecz si\u0119 po\u015blizgn\u0105\u0142em.<\/p>\n\n\n\n<p>W tym czasie mimo wyst\u0119p\u00f3w w pierwszej dru\u017cynie ca\u0142y czas gra\u0142em te\u017c w dru\u017cynie junior\u00f3w. Pami\u0119tam sytuacj\u0119, \u017ce w jednym z mecz\u00f3w mia\u0142em nie gra\u0107, bo po po\u0142udniu by\u0142o ligowe spotkanie z Wis\u0142\u0105. Przegrywali\u015bmy do przerwy, wi\u0119c w drugiej po\u0142owie wszed\u0142em i uda\u0142o si\u0119 wygra\u0107. Szybki posi\u0142ek po meczu junior\u00f3w (dru\u017cyna gospodarzy zrobi\u0142a grilla) i pojecha\u0142em na mecz ligowy.<\/p>\n\n\n\n<div class=\"wp-block-image alignnone size-full wp-image-1546\"><figure class=\"aligncenter\"><img decoding=\"async\" src=\"https:\/\/krzysztofkostka.files.wordpress.com\/2020\/07\/dawid-plizga-gks-katowice-2005-rok.jpg\" alt=\"Dawid Plizga GKS Katowice 2005 rok\" class=\"wp-image-1546\"\/><figcaption>Dawid Plizga w barwach GKS Katowice w 2005 roku<\/figcaption><\/figure><\/div>\n\n\n\n<p><strong>Jak trafi\u0142 Pan do Zag\u0142\u0119bia Lubin? Czy mia\u0142 Pan jeszcze jakie\u015b oferty? Pono\u0107 kontrakt z ZL negocjowa\u0142 Pan z prezesem klubu i jego psem\u2026<\/strong><\/p>\n\n\n\n<p>Tak, gdy GKS spada\u0142 z ligi, mia\u0142em kilka ofert, ale czemu akurat Zag\u0142\u0119bie? Trener Besek bardzo zabiega\u0142 o mnie i chcia\u0142 mnie w dru\u017cynie. Szybko doszli\u015bmy do porozumienia.<\/p>\n\n\n\n<p>Co do rozm\u00f3w to prezes Fiutowski du\u017co czasu sp\u0119dza\u0142 ze swoim pieskiem, kt\u00f3ry r\u00f3wnie\u017c uczestniczy\u0142 w rozmowach.<\/p>\n\n\n\n<p><strong>Jaki osobi\u015bcie by\u0142 dla Pana sezon 2005\/2006 sp\u0119dzony w Zag\u0142\u0119biu?<\/strong><\/p>\n\n\n\n<p>Sezon 2005\/06 zacz\u0105\u0142 si\u0119 dla nas s\u0142abo. Po przyj\u015bciu trenera Smudy grali\u015bmy naprawd\u0119 dobr\u0105 pi\u0142k\u0119. Uwa\u017cam, \u017ce chyba najlepsz\u0105, w jakiej kiedykolwiek uczestniczy\u0142em.<\/p>\n\n\n\n<p>Sko\u0144czy\u0142o si\u0119 niestety powa\u017cnym urazem wi\u0119zade\u0142. Podczas rehabilitacji nie wszystko by\u0142o tak, jak powinno i potrzebna by\u0142a druga operacja. Cztery miesi\u0105ce rehabilitacji posz\u0142y na marne i by\u0142 to do\u015b\u0107 mocny cios dla mnie.<\/p>\n\n\n\n<div class=\"wp-block-image alignnone size-full wp-image-1590\"><figure class=\"aligncenter\"><img decoding=\"async\" src=\"https:\/\/krzysztofkostka.files.wordpress.com\/2020\/08\/dawid-plizga-karykatura.jpg\" alt=\"Dawid Plizga karykatura\" class=\"wp-image-1590\"\/><figcaption>Karykatura Dawida Plizgi autorstwa Mariusza Babicza<\/figcaption><\/figure><\/div>\n\n\n\n<p><strong>Jak prze\u017cywa\u0142 Pan walk\u0119 Zag\u0142\u0119bia Lubin o tytu\u0142 mistrzowski? Czy ogl\u0105danie z trybun koleg\u00f3w to spory stres?<\/strong><\/p>\n\n\n\n<p>Z jednej strony ci\u0119\u017cko si\u0119 ogl\u0105da dru\u017cyn\u0119 z trybun, ale z drugiej cieszy\u0142em si\u0119 z sukcesu zespo\u0142u. Uwa\u017cam, \u017ce d\u0142ugo Zag\u0142\u0119bie takiego sukcesu nie powt\u00f3rzy, jak za trenera Michniewicza.<\/p>\n\n\n\n<p><strong>\u00c0 propos trenera Michniewicza, to jak odebra\u0142 Pan gest trenera, kt\u00f3ry przekaza\u0142 sw\u00f3j medal za mistrzostwo Panu?<\/strong><\/p>\n\n\n\n<p>Bardzo mi\u0142a sytuacja, ale na pewno kiedy\u015b przeka\u017c\u0119 go na fundacj\u0119, bo nie zagra\u0142em w sezonie mistrzowskim i nie czuj\u0119 tak tego mistrzostwa, pomimo \u017ce wspiera\u0142em koleg\u00f3w z trybun.<\/p>\n\n\n\n<div class=\"wp-block-image alignnone wp-image-1592\"><figure class=\"aligncenter\"><img decoding=\"async\" src=\"https:\/\/krzysztofkostka.files.wordpress.com\/2020\/08\/dawid-plizga-autograf.jpg\" alt=\"Dawid Plizga autograf\" class=\"wp-image-1592\"\/><figcaption>Dawid Plizga autograf<\/figcaption><\/figure><\/div>\n\n\n\n<p><strong>Prosz\u0119 opowiedzie\u0107 o otoczce meczowej ze Steau\u0105 Bukareszt. Czego zabrak\u0142o Zag\u0142\u0119biu, \u017ceby wyeliminowa\u0107 rumu\u0144sk\u0105 dru\u017cyn\u0119?<\/strong><\/p>\n\n\n\n<p>Uwa\u017cam, \u017ce zabrak\u0142o nam do\u015bwiadczenia w grze w europejskich pucharach. Mimo \u017ce umiej\u0119tno\u015bci zespo\u0142\u00f3w by\u0142y podobne to jednak gra, do\u015bwiadczenie mi\u0119dzynarodowe by\u0142o po stronie Rumun\u00f3w. Tyle i a\u017c tyle.<\/p>\n\n\n\n<p><strong>Z kim trzyma\u0142 Pan w Zag\u0142\u0119biu Lubin i z kim najlepiej dogadywa\u0142 na boisku i poza nim?<\/strong><\/p>\n\n\n\n<p>Najlepszy kontakt i to do dzisiaj mam z Olkiem Ptakiem (<a href=\"http:\/\/www.zaglebiak.com\/index.php\/2020\/10\/17\/aleksander-ptak\/\">tutaj<\/a>) i ksi\u0119dzem Remkiem. Je\u015bli akurat jeste\u015bmy w odwiedzinach, to zawsze nocujemy u Ptaszk\u00f3w.<\/p>\n\n\n\n<p>B\u0119d\u0105c w Lubinie, musimy odwiedzi\u0107 oczywi\u015bcie nasz\u0105 s\u0105siadk\u0119, pani\u0105 Czesie! To by\u0142a dla mnie i \u017cony taka nasza wr\u0119cz babcia.<\/p>\n\n\n\n<div class=\"wp-block-image alignnone size-full wp-image-1586\"><figure class=\"aligncenter\"><img decoding=\"async\" src=\"https:\/\/krzysztofkostka.files.wordpress.com\/2020\/08\/zaglebie-lubin-jesien-2009.jpg\" alt=\"Zag\u0142\u0119bie Lubin jesie\u0144 2009\" class=\"wp-image-1586\"\/><figcaption>Zag\u0142\u0119bie Lubin sezon 2009\/2010<\/figcaption><\/figure><\/div>\n\n\n\n<p><strong>Czy to prawda, \u017ce trenerzy miewali pretensje, \u017ce za du\u017co \u0107wiczy Pan indywidualnie, poza klubem?<\/strong><\/p>\n\n\n\n<p>Tak, zdarzali si\u0119 trenerzy, kt\u00f3rym nie pasowa\u0142o, \u017ce trenowa\u0142em indywidualnie. Ja wychodz\u0119 z za\u0142o\u017cenia, \u017ce cz\u0119sto jeden trening dziennie (max. 2-godzinny to troch\u0119 za ma\u0142o).<\/p>\n\n\n\n<p>Im starszy by\u0142em, tym trening indywidualny by\u0142 bardziej przemy\u015blany, na dodatek po kontuzjach, czasie sp\u0119dzonym na leczeniu wiedzia\u0142em, czego potrzebuje, co musz\u0119 robi\u0107 itd. Dodam, \u017ce mia\u0142em te\u017c jednego trenera, kt\u00f3ry prosi\u0142 tylko, abym ewentualnie przed treningiem powiedzia\u0142 mu, co robi\u0142em, by tego nie powiela\u0107 na treningu.<\/p>\n\n\n\n<p>Bardzo fajna wsp\u00f3\u0142praca. Te treningi nie by\u0142y d\u0142ugie, lecz celowane w poszczeg\u00f3lne aspekty fizyczne, ale co zrobi\u0107? Trenerzy tego nie lubi\u0105 (mam nadziej\u0119, \u017ce to si\u0119 zmieni).<\/p>\n\n\n\n<div class=\"wp-block-image alignnone size-full wp-image-1588\"><figure class=\"aligncenter\"><img decoding=\"async\" src=\"https:\/\/krzysztofkostka.files.wordpress.com\/2020\/08\/dawid-plizga-strzelajacy-na-bramke-gks-belchatow.jpg\" alt=\"Dawid Plizga strzelaj\u0105cy na bramk\u0119 GKS Be\u0142chat\u00f3w\" class=\"wp-image-1588\"\/><figcaption>Dawid Plizga strzelaj\u0105cy z karnego bramk\u0119 GKS-owi Be\u0142chat\u00f3w<\/figcaption><\/figure><\/div>\n\n\n\n<p><strong>Pono\u0107 jest Pan przyk\u0142adem pi\u0142karza, kt\u00f3remu sukces nie przewr\u00f3ci\u0142 w g\u0142owie. Jaka\u015b recepta i wskaz\u00f3wka dla m\u0142odych pi\u0142karzy?<\/strong><\/p>\n\n\n\n<p>Sukces jest poj\u0119ciem wzgl\u0119dnym. Ja za sw\u00f3j sukces uwa\u017cam, \u017ce pomimo trzech kontuzji kolana i jednej barku zagra\u0142em w kadrze ligowej.<\/p>\n\n\n\n<p>Przy sod\u00f3wce warto mie\u0107 obok siebie osoby, kt\u00f3re szybko sprowadz\u0105 na ziemi\u0119. Czasami warto zagra\u0107 spotkanie z Hiszpanami, Anglikami i ju\u017c si\u0119 zna swoje miejsce w szeregu.<\/p>\n\n\n\n<div class=\"wp-block-image alignnone size-full wp-image-1584\"><figure class=\"aligncenter\"><img decoding=\"async\" src=\"https:\/\/krzysztofkostka.files.wordpress.com\/2020\/08\/radosc-zawodnikow-zaglebia-lubin.jpg\" alt=\"Rado\u015b\u0107 zawodnik\u00f3w Zag\u0142\u0119bia Lubin\" class=\"wp-image-1584\"\/><figcaption>Rado\u015b\u0107 zawodnik\u00f3w Zag\u0142\u0119bia Lubin<\/figcaption><\/figure><\/div>\n\n\n\n<p><strong>Czy Pana \u0142ydki nadal robi\u0105 wra\u017cenie na kolegach w szatni?<\/strong><\/p>\n\n\n\n<p>To nie \u0142ydki by\u0142y tylko mi\u0119\u015bnie czworog\u0142owe, kt\u00f3re s\u0105 po cz\u0119\u015bci spraw\u0105 genetyczn\u0105.<\/p>\n\n\n\n<p>Po drugie w m\u0142odzie\u0144czych latach trenowa\u0142em na podw\u00f3rku z ci\u0119\u017carkami na nogach, przez co na pewno wygl\u0105daj\u0105 dobrze, ale by\u0107 mo\u017ce spowodowa\u0142y p\u00f3\u017aniejsze urazy kolana.<\/p>\n\n\n\n<p><strong>Prosz\u0119 o jak\u0105\u015b zabawn\u0105 anegdot\u0119 z trenerem Smud\u0105 w tle, mo\u017ce dotyczy\u0107 wsp\u00f3lnych posi\u0142k\u00f3w&nbsp;<\/strong><\/p>\n\n\n\n<p>Na obozie w Turcji by\u0142y takie sytuacje na pocz\u0105tku, \u017ce na talerzu pod sa\u0142at\u0105 chowa\u0142o si\u0119 frytki, ale wystarczy\u0142o kilka interwa\u0142\u00f3w Franza i zaczyna\u0142o si\u0119 cz\u0142owiekowi odbija\u0107, wi\u0119c trzeba by\u0142o je\u015b\u0107 du\u017co l\u017cej. Dietetyk\u00f3w wtedy nie by\u0142o.<\/p>\n\n\n\n<p>Dobrze kojarz\u0119 s\u0142ynne trenowanie taktyki od A do O, albo milczenie jest z\u0142otem&#8230; ale czym ku&#8230;wa jest srebro &#8230;<\/p>\n\n\n\n<div class=\"wp-block-image alignnone size-full wp-image-1582\"><figure class=\"aligncenter\"><img decoding=\"async\" src=\"https:\/\/krzysztofkostka.files.wordpress.com\/2020\/08\/dawid-plizga-cieszacy-sie-po-strzeleniu-zwycieskiej-bramki-w-meczu-z-widzewem.jpg\" alt=\"Dawid Plizga ciesz\u0105cy si\u0119 po strzeleniu zwyci\u0119skiej bramki w meczu z Widzewem\" class=\"wp-image-1582\"\/><figcaption>Dawid Plizga ciesz\u0105cy si\u0119 po strzeleniu zwyci\u0119skiej bramki w meczu z Widzewem<\/figcaption><\/figure><\/div>\n\n\n\n<p><strong>Kibice wypominaj\u0105 Panu \u201enieszcz\u0119sn\u0105 sytuacj\u0119\u201d po meczu z Wis\u0142\u0105 Krak\u00f3w, kiedy nie chcia\u0142 pan podej\u015b\u0107 do fan\u00f3w, kt\u00f3rzy mieli zakaz uczestniczenia w spotkaniu, ale chcieli Wam podzi\u0119kowa\u0107 za wyst\u0119p. Z kolei ludzie z klubu, z kt\u00f3rymi pracowa\u0142 Pan podkre\u015blaj\u0105, \u017ce akurat jest Pan cz\u0142owiekiem, kt\u00f3ry szanuje wszystkich, z kt\u00f3rymi pracuje, a miar\u0105 jego szacunku dla kibic\u00f3w by\u0142o zaanga\u017cowanie w treningi.<\/strong><\/p>\n\n\n\n<p>Co do sytuacji z Wis\u0142\u0105 to nie chodzi\u0142o o to, \u017ce nie chcia\u0142em podej\u015b\u0107 do kibic\u00f3w. Jako kapitan zespo\u0142u sam m\u00f3wi\u0142em, \u017ce podchodzimy pod naro\u017cnik i dzi\u0119kujemy&#8230;<\/p>\n\n\n\n<p>Przegrali\u015bmy 0-3 i \u017ceby nie by\u0142o jaki\u015b nieprzyjemnych sytuacji pod p\u0142otem, mieli\u015bmy zachowa\u0107 odpowiedni\u0105 odleg\u0142o\u015b\u0107. Po drugie kamery uchwyci\u0142y cz\u0119\u015b\u0107 mojej wypowiedzi i tyle. Og\u00f3lnie zrobiono z ig\u0142y wid\u0142y, ale co tam.<\/p>\n\n\n\n<p><strong>W \u015bwiadomo\u015bci wielu ludzi uchodzi Pan za osob\u0119 nie szanuj\u0105c\u0105 Zag\u0142\u0119bie, to dlaczego zostawi\u0142 Pan w Lubinie przyjaci\u00f3\u0142, z kt\u00f3rymi do tej pory utrzymuje kontakt?<\/strong><\/p>\n\n\n\n<p>Akurat do Lubina lubi\u0119 zawita\u0107, niedawno nawet by\u0142em w ramach kursu UEFA A i nie mia\u0142em wr\u0119cz czasu, by z wszystkimi pogada\u0107. Bardzo mi\u0142o jest wraca\u0107 do Lubina.<\/p>\n\n\n\n<p><strong>Dlaczego odszed\u0142 Pan do Jagiellonii Bia\u0142ystok? Co zadecydowa\u0142o o tym? Jak si\u0119 Panu uk\u0142ada\u0142a wsp\u00f3\u0142praca z trenerem Michniewiczem w Jagiellonii Bia\u0142ystok??<\/strong><\/p>\n\n\n\n<p>W przypadku odej\u015bcia do Jagi zadecydowa\u0142 fakt, \u017ce byli najbardziej konkretni i zdecydowani. Pomimo kilku innych ofert, w tym wyjazdu zagranicznego, Jaga by\u0142a dos\u0142ownie konkretna.<\/p>\n\n\n\n<p>Wsp\u00f3\u0142praca z trenerem Michniewiczem by\u0142a jak najbardziej w porz\u0105dku. Na pewno znajomo\u015b\u0107 z Lubina pomog\u0142a nam we wsp\u00f3lnej pracy.<\/p>\n\n\n\n<div class=\"wp-block-image alignnone size-full wp-image-1559\"><figure class=\"aligncenter\"><img decoding=\"async\" src=\"https:\/\/krzysztofkostka.files.wordpress.com\/2020\/07\/plizga-w-barwach-jagiellonii-w-meczu-przeciwko-legii.jpg\" alt=\"Plizga w barwach Jagiellonii w meczu przeciwko Legii\" class=\"wp-image-1559\"\/><figcaption>Plizga w barwach Jagiellonii w meczu przeciwko Legii<\/figcaption><\/figure><\/div>\n\n\n\n<p><strong>Dlaczego nie podpisa\u0142 Pan kontraktu z Wis\u0142\u0105 Krak\u00f3w? Pono\u0107 wszystko by\u0142o dogadane.<\/strong><\/p>\n\n\n\n<p>By\u0142 temat Wis\u0142y, lecz po badaniach medycznych klub nie by\u0142 do ko\u0144ca pewny. Mimo \u017ce od kontuzji \u017cadnego powa\u017cnego urazu nie by\u0142o.<\/p>\n\n\n\n<p><strong>Czym przekona\u0142 Pana G\u00f3rnik Zabrze? Co posz\u0142o nie tak w Zabrzu? Czy kontuzje pokrzy\u017cowa\u0142y plany?<\/strong><\/p>\n\n\n\n<p>Nim przenios\u0142em si\u0119 do G\u00f3rnika Zabrze, by\u0142em ju\u017c w drodze do \u0141\u0119cznej na rozmowy. Zadzwoni\u0142 wtedy \u015ap. prezes Maj i przez telefon do\u015b\u0107 szybko si\u0119 dogadali\u015bmy.<\/p>\n\n\n\n<p>Ucieszy\u0142em si\u0119 faktem, \u017ce to powr\u00f3t na \u015al\u0105sk i zawr\u00f3ci\u0142em. Niestety pomys\u0142 mojego sprowadzenia do Zabrza nie by\u0142 do ko\u0144ca pomys\u0142em trenera dlatego po p\u00f3\u0142 roku i tak trzeba by\u0142o si\u0119 zawija\u0107.<\/p>\n\n\n\n<div class=\"wp-block-image alignnone size-full wp-image-1557\"><figure class=\"aligncenter\"><img decoding=\"async\" src=\"https:\/\/krzysztofkostka.files.wordpress.com\/2020\/07\/dawid-plizga-w-barwach-gc3b3rnika-zabrze.jpg\" alt=\"Dawid Plizga w barwach G\u00f3rnika Zabrze\" class=\"wp-image-1557\"\/><figcaption>Dawid Plizga w barwach G\u00f3rnika Zabrze<\/figcaption><\/figure><\/div>\n\n\n\n<p><strong>Wypo\u017cyczenie do Niecieczy i pr\u00f3ba odbudowania formy. Czy to by\u0142 dobry ruch?<\/strong><\/p>\n\n\n\n<p>Tak. Uwa\u017cam, \u017ce wypo\u017cyczenie do Niecieczy by\u0142o dobrym pomys\u0142em. Po p\u00f3\u0142 roku zrobili\u015bmy historyczny awans dla Termaliki. Zosta\u0142em ponownie wypo\u017cyczony i zdo\u0142ali\u015bmy si\u0119 utrzyma\u0107 w ESA, a co najwa\u017cniejsze du\u017co gra\u0142em.<\/p>\n\n\n\n<div class=\"wp-block-image alignnone size-full wp-image-1552\"><figure class=\"aligncenter\"><img decoding=\"async\" src=\"https:\/\/krzysztofkostka.files.wordpress.com\/2020\/07\/plizga-termalika.jpg\" alt=\"Plizga Termalika\" class=\"wp-image-1552\"\/><figcaption>Dawid Plizga w barwach Termaliki Nieciecza<\/figcaption><\/figure><\/div>\n\n\n\n<p><strong>Historia zatoczy\u0142a ko\u0142o i wr\u00f3ci\u0142 Pan do GKS Katowice. Co przez ten czas zmieni\u0142o si\u0119 w klubie? Jak z Pana perspektywy wygl\u0105da\u0142a odbudowa GKS-u?<\/strong><\/p>\n\n\n\n<p>Czy co\u015b si\u0119 zmieni\u0142o w Gieksie? Ci\u0119\u017cko powiedzie\u0107. Na pierwszy rzut oka brak trybuny za bramk\u0105, a poza tym wizualnie na przestrzeni 15 lat to niewiele.<\/p>\n\n\n\n<p>Na pewno klub jest powoli odbudowywany. Do\u015b\u0107 d\u0142ugo trwa budowa stabilnych fundament\u00f3w.<\/p>\n\n\n\n<div class=\"wp-block-image alignnone size-full wp-image-1555\"><figure class=\"aligncenter\"><img decoding=\"async\" src=\"https:\/\/krzysztofkostka.files.wordpress.com\/2020\/07\/dawid-plizga-gks-katowice.jpg\" alt=\"Dawid Plizga GKS Katowice\" class=\"wp-image-1555\"\/><figcaption>Dawid Plizga podczas prezentacji w GKS Katowice<\/figcaption><\/figure><\/div>\n\n\n\n<p><strong>LKS Gocza\u0142kowice-Zdr\u00f3j. Czy ro\u015bnie nowa si\u0142a w regionie? Du\u017co si\u0119 m\u00f3wi o rozwoju tej dru\u017cyny i wsparciu \u0141ukasza Piszczka. Przy tym transferze zrobi\u0142o si\u0119 dosy\u0107 g\u0142o\u015bno o Panu.<\/strong><\/p>\n\n\n\n<p>Gocza\u0142kowice to fajny, ciekawy projekt. Osobi\u015bcie jestem ciekawy, jak dru\u017cyna b\u0119dzie funkcjonowa\u0107 w 3 lidze. Na pewno b\u0119d\u0119 \u015bledzi\u0142 ich wyniki i gr\u0119.<\/p>\n\n\n\n<div class=\"wp-block-image alignnone size-full wp-image-1549\"><figure class=\"aligncenter\"><img decoding=\"async\" src=\"https:\/\/krzysztofkostka.files.wordpress.com\/2020\/07\/plizga-i-piszczek-lks-goczac582kowice-zdrc3b3j.jpg\" alt=\"Plizga i Piszczek LKS Gocza\u0142kowice Zdr\u00f3j\" class=\"wp-image-1549\"\/><figcaption>Dawid Plizga i \u0141ukasz Piszczek na obiekcie LKS Gocza\u0142kowice Zdr\u00f3j<\/figcaption><\/figure><\/div>\n\n\n\n<p><strong>ROW Rybnik i rywalizacja w 3 lidze. Jak wp\u0142yn\u0105\u0142 wirus na funkcjonowanie zawodnik\u00f3w i klubu w tym trudnym czasie?<\/strong><\/p>\n\n\n\n<p>Sytuacja w Rybniku czy to podczas wirusa, czy nie i tak nie by\u0142a idealna. Pocz\u0105tkowo jeszcze trenowali\u015bmy indywidualnie, lecz p\u00f3\u017aniej gdy sytuacja si\u0119 pogarsza\u0142a, ci\u0119\u017cko by\u0142o w odpowiedni spos\u00f3b si\u0119 przygotowywa\u0107.<\/p>\n\n\n\n<p>Na szcz\u0119\u015bcie mam do swojej dyspozycji rower spinningowy i troch\u0119 ci\u0119\u017car\u00f3w w domu, wi\u0119c jako\u015b pocz\u0105tkowo szk\u0142o to pogodzi\u0107. Jednak nie oszukujmy si\u0119, z biegiem czasu, gdy izolacja trwa coraz d\u0142u\u017cej, to coraz trudniej by\u0142o utrzyma\u0107 motywacj\u0119 do trenowania samemu.<\/p>\n\n\n\n<div class=\"wp-block-image alignnone size-full wp-image-1564\"><figure class=\"aligncenter\"><img decoding=\"async\" src=\"https:\/\/krzysztofkostka.files.wordpress.com\/2020\/07\/dawid-plizga-w-bartwach-row-rybnik-1.jpg\" alt=\"Dawid Plizga w bartwach ROW Rybnik\" class=\"wp-image-1564\"\/><figcaption>Dawid Plizga w barwach ROW Rybnik<\/figcaption><\/figure><\/div>\n\n\n\n<p><strong>Po trzech urazach wi\u0119zade\u0142 krzy\u017cowych nie mia\u0142 Pan ochoty sko\u0144czy\u0107 z graniem? Sk\u0105d Pan czerpa\u0142 motywacj\u0119 do ci\u0119\u017ckiej i \u017cmudnej walki o powroty na boisko?<\/strong><\/p>\n\n\n\n<p>Ci\u0119\u017cko mi powiedzie\u0107 czy my\u015bla\u0142em o zako\u0144czeniu grania podczas kontuzji. Naprawd\u0119 jeden moment by\u0142 ci\u0119\u017cki zaraz po pierwszym urazie gdy by\u0142 potrzebny drugi zabieg. Jednak rok w plecy to sporo niestety.<\/p>\n\n\n\n<p>Patrz\u0105c jednak z innej strony, wiemy jaka by\u0142a sytuacja w jednym ze spotka\u0144 Zag\u0142\u0119bia, a ja w tym czasie by\u0142em na rehabilitacji, wi\u0119c co by by\u0142o gdyby. Ka\u017cdy kij ma dwa ko\u0144ce, wi\u0119c nie ma te\u017c co p\u0142aka\u0107 nad tym, co si\u0119 sta\u0142o. Gdy z ka\u017cdym kolejnym dniem podczas rehabilitacji wida\u0107 post\u0119py to u\u015bmiech i motywacja zaraz wraca.<\/p>\n\n\n\n<p>Ci\u0119\u017ckie tak naprawd\u0119 s\u0105 pocz\u0105tkowe tygodnie gdy jest nie tylko trudno, ale te\u017c bardzo \u017cmudnie.<\/p>\n\n\n\n<p><strong>Jak wspomina Pan czas gry w Reprezentacji Polski? Pami\u0119ta Pan, komu strzeli\u0142 jedyn\u0105 bramk\u0119 w reprezentacyjnej koszulce?<\/strong><\/p>\n\n\n\n<p>Kadra. Fajne chwile, \u015bwietnie wszystko zorganizowane i ka\u017cdemu pi\u0142karzowi tego \u017cycz\u0119. By\u0107, zobaczy\u0107 i prze\u017cy\u0107. Rozegra\u0142em trzy mecze w kadrze. Oczywi\u015bcie, \u017ce pami\u0119tam bramk\u0119. Jak to m\u00f3wi\u0105 trenerzy, daj bramkarzowi pope\u0142ni\u0107 b\u0142\u0105d. Tak by\u0142o z Mo\u0142dawi\u0105.<\/p>\n\n\n\n<div class=\"wp-block-image alignnone size-full wp-image-1566\"><figure class=\"aligncenter\"><img decoding=\"async\" src=\"https:\/\/krzysztofkostka.files.wordpress.com\/2020\/07\/dawid-plizga-podczas-meczu-polski-z-moc582dawic485.jpg\" alt=\"Dawid Plizga podczas meczu Polski z Mo\u0142dawi\u0105\" class=\"wp-image-1566\"\/><figcaption>Dawid Plizga gra\u0142 z numerem 20 w Reprezentacji Polski<\/figcaption><\/figure><\/div>\n\n\n\n<p><strong>Czy z prac\u0105 trenersk\u0105 wi\u0105\u017ce Pan wi\u0119ksze plany? Jakimi dysponuje Pan uprawnieniami. Jest jaka\u015b dru\u017cyna, kt\u00f3r\u0105 w przysz\u0142o\u015bci chcia\u0142by Pan poprowadzi\u0107?<\/strong><\/p>\n\n\n\n<p>Obecnie posiadam dyplom UEFA A, a wi\u0119c mog\u0119 prowadzi\u0107 zespo\u0142y do maksymalnie 3 ligi.<\/p>\n\n\n\n<p>Jak to wszystko b\u0119dzie wygl\u0105da\u0107, to zobaczymy. Sw\u00f3j pomys\u0142 na gr\u0119 zespo\u0142u mam, ale czy przyniesie on efekty. Jak b\u0119d\u0119 w stanie przekaza\u0107 zawodnikom, czego od nich oczekuje, wszystko si\u0119 oka\u017ce. Zdecyduj\u0105 wyniki i czy uda si\u0119 wypromowa\u0107 swoich zawodnik\u00f3w. Czas poka\u017ce, czy nadaje si\u0119 do tego.<\/p>\n\n\n\n<div class=\"wp-block-image alignnone size-full wp-image-1580\"><figure class=\"aligncenter\"><img decoding=\"async\" src=\"https:\/\/krzysztofkostka.files.wordpress.com\/2020\/08\/dawid-plizga-sam-unia-raciborz.jpg\" alt=\"Dawid Plizga sam Unia Racib\u00f3rz\" class=\"wp-image-1580\"\/><figcaption>Dawid Plizga w barwach Unii Racib\u00f3rz. Fotografi\u0119 wykona\u0142a Kasia Kubik<\/figcaption><\/figure><\/div>\n\n\n\n<p><strong>Jak ju\u017c jeste\u015bmy przy tym temacie, to kt\u00f3ry trener odcisn\u0105\u0142 na Panu najwi\u0119ksze pi\u0119tno i da\u0142 szans\u0119 rozwoju?<\/strong><\/p>\n\n\n\n<p>My\u015bl\u0119, \u017ce wi\u0119kszo\u015b\u0107 trener\u00f3w ma pewne umiej\u0119tno\u015bci, kt\u00f3re na pewno si\u0119 przydadz\u0105. Kwestia mojej osoby by te wg mnie przydatne kwestie nie tylko mentalne, ale tak\u017ce i przede wszystkim merytoryczne przenie\u015b\u0107 na sw\u00f3j zesp\u00f3\u0142.<\/p>\n\n\n\n<p><strong>Graj\u0105cy trener w Unii Racib\u00f3rz. Czy z boiska jest \u0142atwiej dyrygowa\u0107 dru\u017cyn\u0105?<\/strong><\/p>\n\n\n\n<p>Na chwil\u0119 obecn\u0105 uwa\u017cam, \u017ce \u0142atwiej kierowa\u0107 zespo\u0142em b\u0119d\u0105c z boku. Ma si\u0119 wtedy lepszy obraz na ca\u0142\u0105 dru\u017cyn\u0119. B\u0119d\u0105c na boisku, zawodnik zawsze jest zaaferowany sytuacj\u0105 boiskow\u0105, nie zwraca uwagi czy zesp\u00f3\u0142 dobrze skr\u00f3ci\u0142, zaw\u0119zi\u0142, jest odpowiednio ustawiony itp.<\/p>\n\n\n\n<div class=\"wp-block-image alignnone size-full wp-image-1578\"><figure class=\"aligncenter\"><img decoding=\"async\" src=\"https:\/\/krzysztofkostka.files.wordpress.com\/2020\/08\/dawid-plizga-w-barwach-unii-raciborz.jpg\" alt=\"Dawid Plizga w barwach Unii Racib\u00f3rz\" class=\"wp-image-1578\"\/><figcaption>Dawid Plizga w barwach Unii Racib\u00f3rz w meczu z KS Naprz\u00f3d Borucin. Fotografi\u0119 wykona\u0142a Kasia Kubik<\/figcaption><\/figure><\/div>\n\n\n\n<p><strong>Czy obserwuj\u0105c ekstraklas\u0119 i zawodnik\u00f3w znalaz\u0142by Pan zawodnika o podobnych parametrach i umiej\u0119tno\u015bciach do swoich? Kogo Pan ceni najbardziej z obecnych zawodnik\u00f3w graj\u0105cych na 9.<\/strong><\/p>\n\n\n\n<p>Co do pozycji nr 9 w naszej lidze. W zimie odszed\u0142 Jarek Niezgoda, kt\u00f3ry bardzo mi si\u0119 podoba\u0142, potrafi\u0142 \u015bwietnie wychodzi\u0107 na prostopad\u0142e pi\u0142ki z dobrym timingiem. Z Zag\u0142\u0119bia na pewno dw\u00f3jka skrzyd\u0142owych: Bohar i Zivec. Bardzo podoba mi si\u0119 gra Saszy. \u015awietny zawodnik.<\/p>\n\n\n\n<p><strong>Post scriptum<\/strong><\/p>\n\n\n\n<p>Pozdrawiam wszystkie osoby z kt\u00f3rymi mia\u0142em przyjemno\u015b\u0107 pracowa\u0107 i utrzymywa\u0107 kontakt w Lubinie.<\/p>\n","protected":false},"excerpt":{"rendered":"<p>Dawid Plizga ur. 17 listopada 1985 roku w Rudzie \u015al\u0105skiej. Wychowanek Stadionu \u015al\u0105skiego Chorz\u00f3w. Zawodnik takich klub\u00f3w jak: GKS Katowice, Zag\u0142\u0119bie Lubin, Jagiellonia Bia\u0142ystok, G\u00f3rnik Zabrze, Termalica Nieciecza, LKS Gocza\u0142kowice-Zdr\u00f3j,&hellip; <\/p>\n","protected":false},"author":1,"featured_media":1614,"comment_status":"open","ping_status":"open","sticky":false,"template":"","format":"standard","meta":{"footnotes":""},"categories":[6],"tags":[],"class_list":["post-1615","post","type-post","status-publish","format-standard","has-post-thumbnail","hentry","category-wywiady"],"_links":{"self":[{"href":"https:\/\/www.zaglebiak.com\/index.php\/wp-json\/wp\/v2\/posts\/1615","targetHints":{"allow":["GET"]}}],"collection":[{"href":"https:\/\/www.zaglebiak.com\/index.php\/wp-json\/wp\/v2\/posts"}],"about":[{"href":"https:\/\/www.zaglebiak.com\/index.php\/wp-json\/wp\/v2\/types\/post"}],"author":[{"embeddable":true,"href":"https:\/\/www.zaglebiak.com\/index.php\/wp-json\/wp\/v2\/users\/1"}],"replies":[{"embeddable":true,"href":"https:\/\/www.zaglebiak.com\/index.php\/wp-json\/wp\/v2\/comments?post=1615"}],"version-history":[{"count":3,"href":"https:\/\/www.zaglebiak.com\/index.php\/wp-json\/wp\/v2\/posts\/1615\/revisions"}],"predecessor-version":[{"id":2169,"href":"https:\/\/www.zaglebiak.com\/index.php\/wp-json\/wp\/v2\/posts\/1615\/revisions\/2169"}],"wp:featuredmedia":[{"embeddable":true,"href":"https:\/\/www.zaglebiak.com\/index.php\/wp-json\/wp\/v2\/media\/1614"}],"wp:attachment":[{"href":"https:\/\/www.zaglebiak.com\/index.php\/wp-json\/wp\/v2\/media?parent=1615"}],"wp:term":[{"taxonomy":"category","embeddable":true,"href":"https:\/\/www.zaglebiak.com\/index.php\/wp-json\/wp\/v2\/categories?post=1615"},{"taxonomy":"post_tag","embeddable":true,"href":"https:\/\/www.zaglebiak.com\/index.php\/wp-json\/wp\/v2\/tags?post=1615"}],"curies":[{"name":"wp","href":"https:\/\/api.w.org\/{rel}","templated":true}]}}