{"id":1587,"date":"2020-10-16T23:39:37","date_gmt":"2020-10-16T21:39:37","guid":{"rendered":"http:\/\/www.zaglebiak.com\/?p=1587"},"modified":"2020-10-17T22:58:27","modified_gmt":"2020-10-17T20:58:27","slug":"krzysztof-palczewski","status":"publish","type":"post","link":"https:\/\/www.zaglebiak.com\/index.php\/2020\/10\/16\/krzysztof-palczewski\/","title":{"rendered":"Krzysztof Palczewski"},"content":{"rendered":"\n<p>Krzysztof Palczewski ur. 3 lutego 1974 roku. Wychowanek Zag\u0142\u0119bia Lubin. Zawodnik Piasta I\u0142owa, Czarnych \u017baga\u0144, Promienia \u017bary, niemieckich klub\u00f3w: TuS Weinb\u00f6hla e.V., Gro\u00dfenhainer FV 90 i FC Mei\u00dfen, Iskry Kochlice, Prochowiczanki Prochowice, Chrobrego Nowogrodziec, Polmo Ko\u017cuch\u00f3w&nbsp; i Victorii Niemst\u00f3w.<\/p>\n\n\n\n<div class=\"wp-block-image alignnone size-full wp-image-997\"><figure class=\"aligncenter\"><img decoding=\"async\" src=\"https:\/\/krzysztofkostka.files.wordpress.com\/2020\/03\/krzysztof-palczewski-obecnie.jpg\" alt=\"Krzysztof Palczewski obecnie\" class=\"wp-image-997\"\/><figcaption>Krzysztof Palczewski<\/figcaption><\/figure><\/div>\n\n\n\n<h4 class=\"wp-block-heading\">Jak rozpocz\u0105\u0142 Pan przygod\u0119 z pi\u0142k\u0105 no\u017cn\u0105?<\/h4>\n\n\n\n<p>W tamtych czasach ka\u017cdy zaczyna\u0142 na podw\u00f3rku i pi\u0105\u0142 si\u0119 w osiedlowych hierarchiach. Pami\u0119tam betonowe sto\u0142y do ping-ponga i \u0142awki, kt\u00f3re wykorzystywali\u015bmy jako bramki. Kto mia\u0142 pi\u0142k\u0119 w tamtych czasach, to by\u0142 go\u015b\u0107. Niewa\u017cne czy potrafi\u0142 gra\u0107, ale by\u0142 najlepszym koleg\u0105. Grali\u015bmy na asfaltowych i betonowych boiskach. Nikt si\u0119 nie przejmowa\u0142 siniakami i zadrapaniami wynikaj\u0105cymi z takiej nawierzchni.<\/p>\n\n\n\n<p>Co do Zag\u0142\u0119bia, to tata zabiera\u0142 mnie na mecze naszej dru\u017cyny na Stadion G\u00f3rniczy. Zag\u0142\u0119bie gra\u0142o wtedy w drugiej lidze i w ten spos\u00f3b z\u0142apa\u0142em bakcyla. Bardzo chcia\u0142em gra\u0107 w Zag\u0142\u0119biu i w wieku siedmiu lat, bez wiedzy rodzic\u00f3w, poszed\u0142em do klubu, aby zapisa\u0107 si\u0119 na treningi. Na OSiR wszed\u0142em do szatni, przebra\u0142em si\u0119 i by\u0142em gotowy do zaj\u0119\u0107.<\/p>\n\n\n\n<h4 class=\"wp-block-heading\">Kto by\u0142 Pana pierwszym trenerem w Zag\u0142\u0119biu Lubin? Prosz\u0119 opowiedzie\u0107 o pokonywaniu kolejnych szczebli szkolenia w Zag\u0142\u0119biu Lubin?<\/h4>\n\n\n\n<p>Pierwszym moim trenerem by\u0142 \u015bp. Stanis\u0142aw Fl\u0105dro i trafi\u0142em na trening do rocznika 1972. Pami\u0119tam mojego koleg\u0119 Waldka Kowalskiego, kt\u00f3ry wtedy trenowa\u0142 w tej grupie. Odby\u0142em z nimi kilka trening\u00f3w i po nied\u0142ugim czasie powsta\u0142a grupa trenera Leszka Malawskiego<a href=\"https:\/\/krzysztofkostka.wordpress.com\/2020\/03\/03\/leszek-malawski\/\"> (tutaj<\/a>), kt\u00f3ry prowadzi\u0142 rocznik 1973. W tej grupie by\u0142 Adam Goliasz i Grzegorz Sztajner, ale to nadal rocznikowo nie by\u0142a moja grupa. Co ciekawe rocznik 1973 by\u0142 podzielony na dwie grupy. Jedn\u0105 teoretycznie mocniejsz\u0105 prowadzi\u0142 trener Micha\u0142 Lewandowski<a href=\"http:\/\/www.zaglebiak.com\/index.php\/2020\/10\/16\/michal-lewandowski\/\"> (tutaj<\/a>), a drug\u0105 wspomniany trener Malawski.<\/p>\n\n\n\n<div class=\"wp-block-image alignnone size-full wp-image-994\"><figure class=\"aligncenter\"><img decoding=\"async\" src=\"https:\/\/krzysztofkostka.files.wordpress.com\/2020\/03\/holandia-turniej-1.jpg\" alt=\"Holandia turniej-1\" class=\"wp-image-994\"\/><figcaption>Krzysztof Palczewski na turnieju w Holandii<\/figcaption><\/figure><\/div>\n\n\n\n<p>Nie Pami\u0119tam kiedy dok\u0142adnie utworzono moj\u0105 grup\u0119 w moim roczniku, ale ponownie trafi\u0142em pod opiek\u0119 trenera Malawskiego. To by\u0142 czas, gdy w Lubinie rozgrywano Mini Mundial. Ze szko\u0142y nr 10 przyszed\u0142 Jarek Pokora <a href=\"http:\/\/www.zaglebiak.com\/index.php\/2020\/10\/14\/jaroslaw-pokora\/\">(tutaj<\/a>) i Mariusz Bo\u0144czak, szko\u0142\u0119 nr 11 reprezentowali Arek Skowron i Radek Ka\u0142u\u017cny. Bardzo mocna by\u0142a szko\u0142a nr 5, kt\u00f3ra je\u015bli dobrze pami\u0119tam, dotar\u0142a do fina\u0142u tych rozgrywek i tam grali Pawe\u0142 Matijczak i Janusz Olejarczyk. My w szkole nr 1 nie mieli\u015bmy mocnej dru\u017cyny. Ze szko\u0142y nr 3 do\u0142\u0105czy\u0142 Waldek Roma\u0107, ze szko\u0142y nr 7 Emil Nowakowski i Grzegorz J\u00f3zi\u00f3w, a z nr 8 by\u0142 bramkarz Radek Soszy\u0144ski. Tak mniej wi\u0119cej powsta\u0142a nasza dru\u017cyna rocznik 1974. Nasz rocznik prowadzi\u0142 r\u00f3wnie\u017c \u015bp. trener Sambor.<\/p>\n\n\n\n<p>W miejscu, gdzie teraz jest parking RCS, kiedy\u015b by\u0142o boisko asfaltowe i na jeden z trening\u00f3w przysz\u0142o nas z 50 jak nie lepiej. Trener dzieli\u0142 nas wtedy na dru\u017cyny i ca\u0142y czas grali\u015bmy. Nie by\u0142o takich trening\u00f3w jak teraz, gdzie dw\u00f3ch czy wi\u0119cej trener\u00f3w prowadzi wszystko zgodnie z rozpiskami. Warunki nie by\u0142y idealne, ale kszta\u0142towa\u0142y charakter od m\u0142odego. Nasz rocznik podobnie jak poprzedni r\u00f3wnie\u017c zosta\u0142 podzielony na dwie grupy. Powsta\u0142a dru\u017cyna Przylesia, kt\u00f3r\u0105 opiekowa\u0142 si\u0119 trener Czaja. By\u0142 wuefist\u0105 w szkole nr 10. Mia\u0142 rejon szko\u0142y nr 10 i 11, kt\u00f3ry ko\u0144czy\u0142 si\u0119 na Pawiej. Do trenera Czaji trafili Arek Skowron, Jarek Pokora, Radek Ka\u0142u\u017cny, Mariusz Bo\u0144czak. Emil Nowakowski, kt\u00f3ry mieszka\u0142 na Bieszczadzkiej, i teren do Polnego plus miasto to druga dru\u017cyna. Ze mn\u0105 do tej grupy trafi\u0142 wspomniany Emil, Waldek Roma\u0107, Pawe\u0142 Matijczak, Janusz Olejarczyk i Radek Soszy\u0144ski.<\/p>\n\n\n\n<h4 class=\"wp-block-heading\">Jak pami\u0119ta Pan rozgrywki juniorskie, obozy przygotowawcze czy turnieje?<\/h4>\n\n\n\n<p>Jak jechali\u015bmy do Francji w 1989 roku, to do naszego rocznika do\u0142\u0105czy\u0142 Jacek Banaszy\u0144ski i Arkadiusz \u017barczy\u0144ski. Podr\u00f3\u017c do Francji w tamtym czasie to niez\u0142a eskapada. Musieli\u015bmy mie\u0107 wizy do RFN. Pojecha\u0142 wtedy z nami dyrektor Jerzy Kozi\u0144ski oraz trenerzy Marian Putyra i Stanis\u0142aw Kumik.<\/p>\n\n\n\n<div class=\"wp-block-image alignnone size-full wp-image-983\"><figure class=\"aligncenter\"><img decoding=\"async\" src=\"https:\/\/krzysztofkostka.files.wordpress.com\/2020\/03\/francja-1989-1.jpg\" alt=\"Francja 1989-1\" class=\"wp-image-983\"\/><figcaption>Krzysztof Palczewski z dru\u017cyn\u0105 Zag\u0142\u0119bia Lubin podczas wyjazdu do Francji w 1989 roku<\/figcaption><\/figure><\/div>\n\n\n\n<p>W Niemczech w Plattenhardt ko\u0142o Stuttgartu rozegrali\u015bmy te\u017c dwa fajne turnieje. Dru\u017cyny z kraj\u00f3w socjalistycznych spa\u0142y na hali sportowej. Na turnieju brylowa\u0142y zespo\u0142y z by\u0142ej Jugos\u0142awii. Dru\u017cyna z Banialuki wygra\u0142a ten turniej. Niesamowici zawodnicy, ale potrafili mi\u0119dzy sob\u0105 si\u0119 bi\u0107 i k\u0142\u00f3ci\u0107. Na tym turnieju by\u0142 Cosmos Nowy York i reprezentacja m\u0142odzie\u017cowa Tunezji, z kt\u00f3r\u0105 wygrali\u015bmy w grupie po bramce Marcina Kucharskiego. Pierwszy raz na tym turnieju zaj\u0119li\u015bmy trzecie miejsce, a kolejnym razem czwarte.<\/p>\n\n\n\n<div class=\"wp-block-image alignnone size-full wp-image-981\"><figure class=\"aligncenter\"><img decoding=\"async\" src=\"https:\/\/krzysztofkostka.files.wordpress.com\/2020\/03\/plattenhardt-niemcy-1.jpg\" alt=\"Plattenhardt Niemcy-1\" class=\"wp-image-981\"\/><figcaption>Krzysztof Palczewski z kolegami z Zag\u0142\u0119bia Lubin na turnieju w niemieckim Plattenhardt<\/figcaption><\/figure><\/div>\n\n\n\n<p>Co ciekawe to z tymi dru\u017cynami walczyli\u015bmy jak r\u00f3wny z r\u00f3wnym. Decydowa\u0142y szczeg\u00f3\u0142y, ale w p\u00f3\u017aniejszym czasie jak Ci zawodnicy zaczynami gra\u0107 w pierwszych dru\u017cynach swoich klub\u00f3w to nam odje\u017cd\u017cali. W ka\u017cdej dru\u017cynie by\u0142y r\u00f3wnie\u017c indywidualno\u015bci. Emil Nowakowski panowa\u0142 \u015bwietnie nad pi\u0142k\u0105, Jarek Pokora z Paw\u0142em Matijczakiem dryblingiem i zwodami wyprowadzali niejednego w pole.<\/p>\n\n\n\n<p>\u017ba\u0142uj\u0119 tego, \u017ce nie mieli\u015bmy mo\u017cliwo\u015bci gra\u0107 w takiej lidze, jak\u0105 jest teraz CLJ. My grali\u015bmy co najwy\u017cej z Miedzi\u0105 Legnica, G\u00f3rnikiem Polkowice czy Chrobrym G\u0142og\u00f3w. Przewa\u017cnie wszystko wygrywali\u015bmy i zajmowali\u015bmy pierwsze miejsce. Kilka mecz\u00f3w te\u017c rozgrywali\u015bmy z Zielon\u0105 G\u00f3r\u0105, w kt\u00f3rej wtedy gra\u0142 Maciej Murawski i Andrzej Sawicki.<\/p>\n\n\n\n<p>Pami\u0119tam, jak rozgrywali\u015bmy mecz bara\u017cowy z Zag\u0142\u0119biem Wa\u0142brzych. Przed meczem da\u0142em na msz\u0119 za nasze powodzenie. Wspominali\u015bmy to ostatnio z Jackiem Banaszy\u0144skim. W pierwszym meczu w Wa\u0142brzychu by\u0142 remis 0:0. Radek Ka\u0142u\u017cny graj\u0105cy wtedy ju\u017c w pierwszej dru\u017cynie zagra\u0142 z nami. W rewan\u017cu w Lubinie zrobi\u0142em karnego na Matuszaku. P\u00f3\u017aniej niezawodny Irek S\u0142omiak z Bogatyni strzeli\u0142 dwie bramki. Kilkana\u015bcie minut przed ko\u0144cem Gorz\u0105d strzeli\u0142 na 2:2. W doliczonym czasie gry uda\u0142o nam si\u0119 strzeli\u0107 na 3:2. Damian Kowalski wykonywa\u0142 wolnego, Radek Ka\u0142u\u017cny przed\u0142u\u017cy\u0142 pi\u0142k\u0119, a Tomek Blaszy\u0144ski strzeli\u0142 gola. Po tej wygranej awansowali\u015bmy do Mistrzostw Polski junior\u00f3w.<\/p>\n\n\n\n<div class=\"wp-block-image alignnone size-full wp-image-979\"><figure class=\"aligncenter\"><img decoding=\"async\" src=\"https:\/\/krzysztofkostka.files.wordpress.com\/2020\/03\/palczewski-mecz-barac5bcowy-z-zagc582c499biem-wac582brzych.jpg\" alt=\"Palczewski mecz bara\u017cowy z Zag\u0142\u0119biem Wa\u0142brzych\" class=\"wp-image-979\"\/><figcaption>Krzysztof Palczewski z dru\u017cyn\u0105 Zag\u0142\u0119bia Lubin przed meczem bara\u017cowym z Zag\u0142\u0119biem Wa\u0142brzych<\/figcaption><\/figure><\/div>\n\n\n\n<p>Prowadzi\u0142 nas wtedy trener Bogus\u0142aw Korczak. Niestety walka o Mistrzostwo Polski nie potoczy\u0142a si\u0119 tak, jak tego chcieli\u015bmy. Moim zdaniem zabrak\u0142o nam wi\u0119kszej dyscypliny. Dru\u017cyna trenera Mariana Putyry w sk\u0142adzie z Jarkiem Pokor\u0105, Leszkiem Grechem czy Mariuszem Urbaniakiem<a href=\"http:\/\/www.zaglebiak.com\/index.php\/2020\/10\/14\/mariusz-urbaniak\/\"> (tutaj<\/a>) zdoby\u0142a br\u0105zowe medale w Mistrzostwach Polski junior\u00f3w. Mia\u0142em okazj\u0119 z nimi zagra\u0107 kilka sparing\u00f3w i odby\u0107 treningi. Tam by\u0142a du\u017ca dyscyplina i trener Putyra przyk\u0142ada\u0142 do tego wielk\u0105 wag\u0119.<\/p>\n\n\n\n<p>Wracaj\u0105c jeszcze do Irka S\u0142omiaka, to do\u0142\u0105czy\u0142 do nas dosy\u0107 p\u00f3\u017ano, bo dopiero w wieku 15 lat, gdy rozpocz\u0105\u0142 nauk\u0119 w Lubinie. W starszej grupie z Bogatyni byli jeszcze Mariusz Urbaniak i Grzegorz Kazimierski, kt\u00f3ry p\u00f3\u017aniej trafi\u0142 do Wis\u0142y Krak\u00f3w.<\/p>\n\n\n\n<p>Gdy grali\u015bmy o Mistrzostwo Polski junior\u00f3w, to bardzo chcia\u0142em trafi\u0107 na Jagielloni\u0119 Bia\u0142ystok, ale podczas podzia\u0142u trafili\u015bmy do dw\u00f3ch r\u00f3\u017cnych grup. W dru\u017cynie Jagiellonii grali tacy pi\u0142karze, jak Marek Citko, Tomasz Frankowski, Daniel Bogusz i Mariusz Piekarski. My pojechali\u015bmy do \u0141odzi i mieli\u015bmy w grupie Or\u0142a \u0141\u00f3d\u017a, Lecha Pozna\u0144 i Zawisz\u0119 Bydgoszcz. Pierwszy mecz grali\u015bmy z Zawisz\u0105 i przegrali\u015bmy 1:0, a ja nie strzeli\u0142em karnego. Z Lechem Pozna\u0144 przegrali\u015bmy 5:1, a mi uda\u0142o si\u0119 strzeli\u0107 bramk\u0119 honorow\u0105. W ostatnim meczu z Or\u0142em \u0141\u00f3d\u017a wygrali\u015bmy, ale to Orze\u0142 by\u0142 premiowany awansem.<\/p>\n\n\n\n<h4 class=\"wp-block-heading\">Skoro jeste\u015bmy przy rozgrywkach juniorskich, to prosz\u0119 przybli\u017cy\u0107 czas sp\u0119dzony w kadrze wojew\u00f3dzkiej. Kto by\u0142 Pana trenerem i z kim Pan gra\u0142?<\/h4>\n\n\n\n<p>Gra\u0142em w kadrze wojew\u00f3dztwa legnickiego i grali\u015bmy z kadrami wojew\u00f3dzkimi z Jeleniej G\u00f3ry, Wroc\u0142awia czy Zielonej G\u00f3ry. Pami\u0119tam, \u017ce jeden z turniej\u00f3w by\u0142 mocno obsadzony i pojechali\u015bmy do Holandii. Grali\u015bmy z Go Ahead Eagles. Zapami\u0119ta\u0142em ich, bo to by\u0142a jedna z nielicznych dru\u017cyn, kt\u00f3ra co sezon wysy\u0142a\u0142a zdj\u0119cia zawodnik\u00f3w do kolekcji. Wysy\u0142ali\u015bmy listy do r\u00f3\u017cnych klub\u00f3w, prosz\u0105c o zdj\u0119cia zawodnik\u00f3w i autografy. Wtedy na tym turnieju mieszkali\u015bmy u holenderskiej rodziny i by\u0142em zakwaterowany razem z Waldkiem Romaciem. Z okna domu, w kt\u00f3rym mieszkali\u015bmy, by\u0142o wida\u0107 ca\u0142y stadion. W kadrze tej trzon dru\u017cyny stanowili zawodnicy Zag\u0142\u0119bia Lubin.<\/p>\n\n\n\n<div class=\"wp-block-image alignnone size-full wp-image-977\"><figure class=\"aligncenter\"><img decoding=\"async\" src=\"https:\/\/krzysztofkostka.files.wordpress.com\/2020\/03\/palczewski-kadra-wojewc3b3dztwa-legnickiego.jpg\" alt=\"Palczewski kadra wojew\u00f3dztwa legnickiego\" class=\"wp-image-977\"\/><figcaption>Krzysztof Palczewski w kadrze wojew\u00f3dzkiej<\/figcaption><\/figure><\/div>\n\n\n\n<h4 class=\"wp-block-heading\">Czy na kapitanie zespo\u0142u ci\u0105\u017cy du\u017ca odpowiedzialno\u015b\u0107? Jak Pan si\u0119 czu\u0142 z t\u0105 funkcj\u0105 w dru\u017cynach juniorskich?<\/h4>\n\n\n\n<p>Powiem szczerze, \u017ce nie pami\u0119tam dok\u0142adnie kiedy zosta\u0142em kapitanem dru\u017cyny, ale by\u0142em nim do zako\u0144czenia wieku juniora. Koledzy mi ufali i wybrali mnie do pe\u0142nienia tej funkcji.<\/p>\n\n\n\n<h4 class=\"wp-block-heading\">Kiedy trafi\u0142 Pan do pierwszej dru\u017cyny? Prosz\u0119 przybli\u017cy\u0107 ten okres w Pana karierze.<\/h4>\n\n\n\n<p>Do pierwszej dru\u017cyny trafi\u0142em w czerwcu 1992 roku. Kiedy przyszed\u0142 \u015bp. Ryszard Panfil, zlikwidowano drug\u0105 dru\u017cyn\u0119 i wielu zawodnik\u00f3w nie mia\u0142o gdzie gra\u0107. Po roku lub dw\u00f3ch Stal Chocian\u00f3w sta\u0142a si\u0119 tak\u0105 drug\u0105 dru\u017cyn\u0105. Nie pami\u0119tam ju\u017c, na jakich zasadach dokonano tej fuzji, ale przynajmniej m\u0142odsi zawodnicy z szerokiej kadry mieli gdzie si\u0119 ogrywa\u0107. Ze mn\u0105 do szerokiego sk\u0142adu pierwszej dru\u017cyny trafili: Arek Skowron, Adam Goliasz, Emil Nowakowski i Jarek Pokora, kt\u00f3ry wr\u00f3ci\u0142 po wypo\u017cyczeniu. Radek Ka\u0142u\u017cny ju\u017c by\u0142 w tej dru\u017cynie.<\/p>\n\n\n\n<div class=\"wp-block-image alignnone size-full wp-image-985\"><figure class=\"aligncenter\"><img decoding=\"async\" src=\"https:\/\/krzysztofkostka.files.wordpress.com\/2020\/03\/palczewski-w-kadrze-pierwszego-zespoc582u-zl-1.jpg\" alt=\"Palczewski w kadrze pierwszego zespo\u0142u ZL-1\" class=\"wp-image-985\"\/><figcaption>Krzysztof Palczewski w kadrze pierwszego zespo\u0142u Zag\u0142\u0119bia Lubin<\/figcaption><\/figure><\/div>\n\n\n\n<p>Pojecha\u0142em wtedy na ob\u00f3z z pierwsz\u0105 dru\u017cyn\u0105 do Nymburku w Czechach. To by\u0142 rok olimpijski i mieli\u015bmy super kompleks i warunki do trening\u00f3w. W kompleksie \u015bwietna odnowa biologiczna i kuchnia dobrana pod sportowc\u00f3w. W tym kompleksie przygotowywa\u0142a si\u0119 reprezentacja Egiptu w pi\u0142ce r\u0119cznej. Pami\u0119tam, \u017ce budzili nas codziennie wcze\u015bnie rano, odprawiaj\u0105c swoje modlitwy. Rozegrali\u015bmy na tym obozie 25 lipca sparing ze Spart\u0105 Praga. Grali tam wtedy Nedved, Nemec, Nemecek. W tej dru\u017cynie by\u0142o sze\u015bciu reprezentant\u00f3w Czech. Je\u015bli si\u0119 nie myl\u0119, to ograli nas 5:0. Przyjechali na ten sparing autokarem, kt\u00f3ry by\u0142 oklejony w barwach Sparty. Ju\u017c wtedy Sparta by\u0142a dobr\u0105 mark\u0105. Zagra\u0142em ostatnie 20 minut tego spotkania. Po sparingu trener si\u0119 \u015bmia\u0142, \u017ce jakbym si\u0119 pochwali\u0142, \u017ce mam imieniny to bym zagra\u0142 wi\u0119cej.<\/p>\n\n\n\n<p>Grali\u015bmy te\u017c sparingi z Hradec Kralove, kt\u00f3re by\u0142y wyr\u00f3wnane. Po powrocie do Lubina na jednym z trening\u00f3w zagra\u0142em pi\u0119t\u0105 do ty\u0142u pi\u0142k\u0119 i poczu\u0142em mocny b\u00f3l. Podejrzewano, \u017ce mam naderwane w\u0142\u00f3kna. Cz\u0142owiek by\u0142 ambitny i po jakim\u015b czasie wr\u00f3ci\u0142em do grania, ale b\u00f3l nie ustawa\u0142. Daniel Dylu\u015b<a href=\"http:\/\/www.zaglebiak.com\/index.php\/2020\/10\/13\/daniel-dylus\/\"> ( tutaj<\/a>) da\u0142 mi numer telefonu do lekarza z Poznania i pojecha\u0142em tam prywatnie z moj\u0105 mam\u0105 na wizyt\u0119. Doktor Marek Ruci\u0144ski po\u0142o\u017cy\u0142 mnie na st\u00f3\u0142 i okaza\u0142o si\u0119, \u017ce mam zerwany mi\u0119sie\u0144 dwug\u0142owy. Kontuzja ta wykluczy\u0142a mnie na p\u00f3\u0142 roku z gry.<\/p>\n\n\n\n<p>Po zako\u0144czeniu rehabilitacji pojecha\u0142em jeszcze na ob\u00f3z zimowy w Szklarskiej Por\u0119bie. Byli\u015bmy zakwaterowani w hotelu Malachit. Wiosn\u0119 1993 sp\u0119dzi\u0142em jeszcze z pierwsz\u0105 dru\u017cyn\u0105. Siedzia\u0142em kilkukrotnie na \u0142awce, ale niestety nie zadebiutowa\u0142em. Pami\u0119tam taki mecz z Jagielloni\u0105 Bia\u0142ystok, \u017ce spad\u0142 \u015bnieg i my jako zawodnicy odgarniali\u015bmy \u015bnieg, \u017ceby zagra\u0107 mecz. Niestety nie by\u0142o wtedy podgrzewanej murawy jak obecnie. W lecie tego roku pojecha\u0142em do Piasta I\u0142owa i zosta\u0142em tam wypo\u017cyczony.<\/p>\n\n\n\n<h4 class=\"wp-block-heading\">Jak wspomina Pan gr\u0119 w drugiej dru\u017cynie Zag\u0142\u0119bia Lubin? Prosz\u0119 przybli\u017cy\u0107 funkcjonowanie tego zespo\u0142u.<\/h4>\n\n\n\n<p>Debiut w drugiej dru\u017cynie mia\u0142em jako 16-latek. Nie zapomn\u0119 tego, jak do rezerw schodzili gra\u0107 zawodnicy pierwszej dru\u017cyny. Wtedy ju\u017c w pierwszej dru\u017cynie byli Leszek Grech, Janusz Najdek i Jacek Kikowski. W rezerwach grywa\u0142 Darek Marciniak. Pami\u0119tam te\u017c Mariusza Olbi\u0144skiego (<a href=\"http:\/\/www.zaglebiak.com\/index.php\/2020\/10\/14\/mariusz-olbinski\/\">tutaj<\/a>) i Darka Lewandowskiego<a href=\"http:\/\/www.zaglebiak.com\/index.php\/2020\/10\/13\/dariusz-lewandowski\/\"> (tutaj<\/a>), kt\u00f3rzy r\u00f3wnie\u017c grywali ze mn\u0105 w rezerwach. Nawet nasz reprezentacyjny bramkarz, Jarek Bako, zagra\u0142 mecz czy dwa z nami. Dla takich m\u0142odych ch\u0142opak\u00f3w to by\u0142o wielkie prze\u017cycie trenowa\u0107 i gra\u0107 z takimi zawodnikami.<\/p>\n\n\n\n<p>Gra zawodnik\u00f3w pierwszej dru\u017cyny wynika\u0142a z klubowego regulaminu, kt\u00f3ry nakazywa\u0142 zawodnikom niegraj\u0105cym lub rezerwowym w meczu pierwszej dru\u017cyny gr\u0119 w rezerwach. Jak zaczyna\u0142em w drugiej dru\u017cynie, to trenerem by\u0142 Stanis\u0142aw Kumik. Dru\u017cyn\u0119 tworzyli m\u0142odzi zawodnicy z szerokiej kadry pierwszego zespo\u0142u, wyr\u00f3\u017cniaj\u0105cy si\u0119 juniorzy i niegraj\u0105cy w meczu pierwszej dru\u017cyny zawodnicy. W tej dru\u017cynie by\u0142 Grzesiu Mik\u0142asz<a href=\"https:\/\/krzysztofkostka.wordpress.com\/2020\/01\/27\/grzegorz-miklasz\/\"> (<\/a><a href=\"http:\/\/www.zaglebiak.com\/index.php\/2020\/10\/16\/grzegorz-miklasz\/\">tutaj<\/a>), Mariusz Jurak czy Irek So\u0142oducha. P\u00f3\u017aniej drug\u0105 dru\u017cyn\u0119 przej\u0105\u0142 trener Wies\u0142aw Wojno. Grali\u015bmy w czwartej lidze z okolicznymi miastami np. Chojnowem czy Nowym Miasteczkiem.<\/p>\n\n\n\n<div class=\"wp-block-image alignnone size-full wp-image-1092\"><figure class=\"aligncenter\"><img decoding=\"async\" src=\"https:\/\/krzysztofkostka.files.wordpress.com\/2020\/03\/palczewski-zagc582c499bie-lubin.jpg\" alt=\"Palczewski Zag\u0142\u0119bie Lubin\" class=\"wp-image-1092\"\/><figcaption>Krzysztof Palczewski podczas sesji dru\u017cyny Zag\u0142\u0119bia Lubin<\/figcaption><\/figure><\/div>\n\n\n\n<p>Dla mnie jako juniora gra z seniorami by\u0142a szko\u0142\u0105 \u017cycia i przetarciem przed byciem w szerokiej kadrze pierwszej dru\u017cyny. Praktycznie od pocz\u0105tku gra\u0142em jako stoper w parze z Arkiem Skowronem. Zdarza\u0142y si\u0119 mecze, gdzie by\u0142em stoperem i kierowa\u0142em ca\u0142ym blokiem obronnym z\u0142o\u017conym z zawodnik\u00f3w pierwszoligowych.<\/p>\n\n\n\n<p><strong>Po Zag\u0142\u0119biu Lubin gra\u0142 Pan w Pia\u015bcie I\u0142owa, Czarnych \u017baga\u0144 i Promieniu \u017bary. Na jakich zasadach trafia\u0142 Pan do tych klub\u00f3w? Czy to by\u0142y wypo\u017cyczenia, czy transfery definitywne? Prosz\u0119 om\u00f3wi\u0107 ka\u017cdy z tych klub\u00f3w. Z jakimi zawodnikami Pan gra\u0142? Kto zrobi\u0142 karier\u0119 lub kto m\u00f3g\u0142 j\u0105 zrobi\u0107?<\/strong><\/p>\n\n\n\n<p>Latem 1993 roku trafi\u0142em do Piasta I\u0142owa na wypo\u017cyczenie. Trenerem wtedy by\u0142 tam Jerzy Fiutowski. Mieszkali\u015bmy w I\u0142owej na stadionie, gdzie mieli\u015bmy swoje pokoje. Trafi\u0142em tam razem z Marcinem Kucharskim i Adamem Goliaszem. Jako ciekawostk\u0119 podam, \u017ce mieli\u015bmy tak dobrze przygotowan\u0105 i zadban\u0105 muraw\u0119, \u017ce wszyscy j\u0105 chwalili. Trawa by\u0142a podlewana i piel\u0119gnowana. Trener Fiutowski budzi\u0142 nas o 7 rano i zajmowali\u015bmy si\u0119 obiektem, a p\u00f3\u017aniej trenowali\u015bmy.<\/p>\n\n\n\n<div class=\"wp-block-image alignnone size-full wp-image-988\"><figure class=\"aligncenter\"><img decoding=\"async\" src=\"https:\/\/krzysztofkostka.files.wordpress.com\/2020\/03\/piast-ic582owa-1.jpg\" alt=\"Piast I\u0142owa-1\" class=\"wp-image-988\"\/><figcaption>Krzysztof Palczewski w barwach Piasta I\u0142owa<\/figcaption><\/figure><\/div>\n\n\n\n<p>Po trzech wygranych meczach w lidze trener Fiutowski odszed\u0142 do Pniew, wi\u0119c za d\u0142ugo pod jego wodz\u0105 nie pograli\u015bmy. W I\u0142owej mia\u0142em te\u017c nieprzyjemne wydarzenie, bo kierownik dru\u017cyny \u017ale policzy\u0142 kartki i zagra\u0142em w meczu, w kt\u00f3rym powinienem pauzowa\u0107. Z tego powodu zawieszono mnie na dwa miesi\u0105ce. Wtedy w dru\u017cynie Piasta by\u0142 te\u017c \u0141ukasz Gargu\u0142a, kt\u00f3ry zaczyna\u0142 swoj\u0105 karier\u0119. W I\u0142owej sp\u0119dzi\u0142em z 1,5 roku. Do Piasta przyszed\u0142 p\u00f3\u017aniej te\u017c Andrzej Turkowski.<\/p>\n\n\n\n<p>Ciekawa historia by\u0142a te\u017c z p\u00f3j\u015bciem do wojska. W klubie powiedziano mi, \u017cebym si\u0119 zameldowa\u0142 w I\u0142owej, a oni wszystko za\u0142atwi\u0105. Niestety osoba, kt\u00f3ra si\u0119 mia\u0142a tym zaj\u0105\u0107 zmar\u0142a.<\/p>\n\n\n\n<p>Trafi\u0142em, wi\u0119c do wojska do \u017bagania. Graj\u0105cy wtedy w trzeciej lidze Promie\u0144 \u017bary dowiedzia\u0142 si\u0119 o tym i chcia\u0142 mnie \u015bci\u0105gn\u0105\u0107 do siebie. Trafi\u0142em zim\u0105 do wojska, wi\u0119c by\u0142 martwy sezon i dzia\u0142acze zacz\u0119li si\u0119 mi\u0119dzy sob\u0105 przepycha\u0107 gdzie mam gra\u0107. Cztery razy dostawa\u0142em przeniesienia mi\u0119dzy \u017baganiem a \u017barami, b\u0119d\u0105c w wojsku. W \u017barach by\u0142y lepsze warunki i wszystko by\u0142o pouk\u0142adane. Mia\u0142em mieszka\u0107 w internacie i gra\u0107 w trzeciej lidze. W \u017baganiu by\u0142em normalnie w wojsku na jednostce. Pe\u0142ni\u0142em funkcj\u0119 dow\u00f3dcy czo\u0142gu. Gdy zapyta\u0142em, dlaczego nie mog\u0119 gra\u0107 w \u017barach, to otrzyma\u0142em odpowied\u017a, \u017ce p\u00f3ki w \u017baganiu jest genera\u0142, to tu b\u0119d\u0119 gra\u0142. W taki spos\u00f3b zacz\u0105\u0142em gra\u0107 w Czarnych \u017baga\u0144.<\/p>\n\n\n\n<div class=\"wp-block-image alignnone size-full wp-image-990\"><figure class=\"aligncenter\"><img decoding=\"async\" src=\"https:\/\/krzysztofkostka.files.wordpress.com\/2020\/03\/promiec584-c5bbary-1.jpg\" alt=\"Promie\u0144 \u017bary-1\" class=\"wp-image-990\"\/><figcaption>Krzysztof Palczewski w barwach Promienia \u017bary<\/figcaption><\/figure><\/div>\n\n\n\n<p>Przeniesiono mnie do batalionu medycznego i by\u0142em w centrum miasta. Czarni grali wtedy w czwartej lidze, wi\u0119c by\u0142em w wojsku, a popo\u0142udniami trenowa\u0142em. W klubie w tym czasie trenowa\u0142o si\u0119 trzy razy w tygodniu. Po p\u00f3\u0142 roku gry w \u017baganiu przyjecha\u0142 do mnie Bogdan Basa\u0142aj, kt\u00f3ry prowadzi\u0142 Kani\u0119 Gosty\u0144 i chcia\u0142 mnie po wojsku tam \u015bci\u0105gn\u0105\u0107. Stwierdzi\u0142em, \u017ce jak mnie chc\u0105 w Promieniu, to po sko\u0144czeniu s\u0142u\u017cby id\u0119 tam i odm\u00f3wi\u0142em.<\/p>\n\n\n\n<p>Promie\u0144 \u017bary mia\u0142 wtedy du\u017ce ambicje i aspirowa\u0142 do gry w wy\u017cszej lidze. W dru\u017cynie by\u0142 bramkarz Mariusz Liberda, w ataku Andrzej Niedzielan czy pocz\u0105tkuj\u0105cy Sebastian Dudek. Z Miedzi Legnica przyszed\u0142 wtedy Roztocki, ze Z\u0142otoryi Arek Paluch czy Radek Babij. Mia\u0142em ca\u0142y czas kontakt z Paw\u0142em Matijczakiem, kt\u00f3ry by\u0142 na emigracji w Londynie i po roku czasu na jego zaproszenie pojecha\u0142em do niego z Emilem Nowakowskim. Ja zosta\u0142em, a Emil wr\u00f3ci\u0142.<\/p>\n\n\n\n<p>Sp\u0119dzi\u0142em tam rok, pracuj\u0105c na myjni samochodowej. Po powrocie z Anglii znowu zacz\u0105\u0142em gra\u0107 w Promieniu. Pogra\u0142em tam chwil\u0119 w trzeciej lidze i wr\u00f3ci\u0142em do Lubina.<\/p>\n\n\n\n<div class=\"wp-block-image alignnone size-full wp-image-949\"><figure class=\"aligncenter\"><img decoding=\"async\" src=\"https:\/\/krzysztofkostka.files.wordpress.com\/2020\/03\/palczewski-fc-meissen.jpg\" alt=\"Palczewski FC Meissen\" class=\"wp-image-949\"\/><figcaption>Krzysztof Palczewski (kl\u0119czy pierwszy od prawej) w FC Meissen<\/figcaption><\/figure><\/div>\n\n\n\n<h4 class=\"wp-block-heading\">Gra w pi\u0142k\u0119 u naszych zachodnich s\u0105siad\u00f3w. Prosz\u0119 powiedzie\u0107 co\u015b wi\u0119cej o tym czasie.<\/h4>\n\n\n\n<p>Po zako\u0144czeniu przygody w \u017barach i powrocie do Lubina dosta\u0142em propozycj\u0119 od trenera Bie\u0144ko, kt\u00f3ry mia\u0142 kontakty w Niemczech, \u017ceby pogra\u0107 u zachodnich s\u0105siad\u00f3w. Razem z Grzesiem Nowakiem poszli\u015bmy gra\u0107 do zespo\u0142u TuS Weinb\u00f6hla e.V. pod Dreznem. Zesp\u00f3\u0142 po pierwszej rundzie mia\u0142 tylko 3 punkty. Pomimo tego uda\u0142o si\u0119 wygra\u0107 par\u0119 mecz\u00f3w, ale by\u0142o to za ma\u0142o, \u017ceby utrzyma\u0107 ten zesp\u00f3\u0142 w lidze. Trenerem tej dru\u017cyny by\u0142 Norbert Schleicher i p\u00f3\u017aniej wsp\u00f3\u0142pracowa\u0142em z nim jeszcze w trzech innych klubach.<\/p>\n\n\n\n<p>W Gro\u00dfenhainer FV 90 zdobyli\u015bmy Puchar Niemiec na szczeblu wojew\u00f3dzkim. W FC Mei\u00dfen gra\u0142em razem ze swoim bratem i \u0141ukaszem Ostrowskim. P\u00f3\u017aniej znowu by\u0142o Grossenhain i kr\u00f3tko pogra\u0142 tam Jarek Pokora. Przez par\u0119 lat pogra\u0142em w Niemczech. P\u00f3\u017aniej pracowa\u0142em ju\u017c w kopalni i trudno by\u0142o pogodzi\u0107 prac\u0119 z graniem. Pami\u0119tam takie sytuacje, \u017ce po nocce wsiada\u0142em w auto razem z bratem i ojciec nas wi\u00f3z\u0142 na mecz pod Drezno, bo tam si\u0119 gra\u0142o o godzinie 11 w sobot\u0119 lub niedziel\u0119. Z gry w Niemczech pami\u0119tam, \u017ce Polak czy Czech graj\u0105cy u nich musia\u0142 by\u0107 dwa razy lepszy od Niemca, \u017ceby gra\u0107. Je\u015bli mia\u0142e\u015b podobne mo\u017cliwo\u015bci, to zawsze pierwszym wyborem by\u0142 Niemiec.<\/p>\n\n\n\n<p>Podziwia\u0142em zaanga\u017cowanie zawodnik\u00f3w w tych ligach. Po ca\u0142ym dniu pracy przychodzili na trening, powiedzmy o 19 i wykonywali wszystkie polecenia trenera bez marudzenia. U nas czasami jest par\u0119 os\u00f3b na treningach lub s\u0142yszy si\u0119 teksty typu \u201cdzi\u015b gierka\u201d. W Niemczech w najni\u017cszych ligach wsz\u0119dzie jest profesjonalizm. Podej\u015bcie do trening\u00f3w, do przygotowania boisk i obiekt\u00f3w, sprz\u0119t. Sama kultura meczowa jest inna, przychodz\u0105 ca\u0142e rodziny i sp\u0119dzaj\u0105 kilka godzin na obiektach przy piwku i grillu.<\/p>\n\n\n\n<div class=\"wp-block-image alignnone size-full wp-image-947\"><figure class=\"aligncenter\"><img decoding=\"async\" src=\"https:\/\/krzysztofkostka.files.wordpress.com\/2020\/03\/palczewski-grossenhain-puchar-niemiec-szczebel-wojewc3b3dzki.jpg\" alt=\"Palczewski Grossenhain puchar Niemiec szczebel wojew\u00f3dzki\" class=\"wp-image-947\"\/><figcaption>Krzysztof Palczewski z dru\u017cyn\u0105 Gro\u00dfenhainer FV 90 po zdobyciu pucharu Niemiec na szczeblu wojew\u00f3dzkim<\/figcaption><\/figure><\/div>\n\n\n\n<h4 class=\"wp-block-heading\">Walka z Iskr\u0105 Kochlice o awans do 3 ligi. Prosz\u0119 przybli\u017cy\u0107 bara\u017ce z Bielawiank\u0105 Bielawa.<\/h4>\n\n\n\n<p>Stasiu Kwiatkowski w Kochlicach montowa\u0142 ciekaw\u0105 dru\u017cyn\u0119. Ja graj\u0105c w Niemczech, nie je\u017adzi\u0142em tam na treningi, tylko trenowa\u0142em w Kochlicach. Jeszcze wcze\u015bniej trener Fiutowski umo\u017cliwia\u0142 nam treningi w Unii Mi\u0142oradzice, kt\u00f3ra trenowa\u0142a na obiektach Zag\u0142\u0119bia. W pewnym momencie trener Kwiatkowski zaproponowa\u0142 mi gr\u0119 w Iskrze. By\u0142 tam naprawd\u0119 ciekawy zesp\u00f3\u0142. Pami\u0119tam \u0141ukasza Wingerta, kt\u00f3ry przyszed\u0142 z Amico Lubin i si\u0119 rozwin\u0105\u0142 pod skrzyd\u0142ami trenera Kwiatkowskiego. Piotrek B\u0142auciak poszed\u0142 z Iskry do Zag\u0142\u0119bia Lubin. By\u0142 te\u017c Zbyszek Murdza.<\/p>\n\n\n\n<p>W pewnym momencie grali\u015bmy bara\u017c o trzeci\u0105 lig\u0119 z Bielawiank\u0105 Bielawa. W Kochlicach wygrali\u015bmy 1:0 po bramce Piotra B\u0142auciaka. M\u00f3wiono, \u017ce na meczu by\u0142o 2 tysi\u0105ce widz\u00f3w. Niestety w rewan\u017cu w Bielawie polegli\u015bmy 5:1. Warunki atmosferyczne by\u0142 tragiczne i rozegrali\u015bmy mecz na wodzie. Moim zdaniem s\u0119dzia nie powinien wtedy dopu\u015bci\u0107 do spotkania. Pami\u0119tam z tego meczu braci Samk\u00f3w. Jeden z nich z\u0142ama\u0142 mi nos podczas g\u0142\u00f3wkowania. My pierwsi strzelili\u015bmy na 1:0 i mieli\u015bmy szans\u0119 na drug\u0105 bramk\u0119, ale pi\u0142ka zatrzyma\u0142a si\u0119 na wodzie przed lini\u0105 bramkow\u0105. Ja po pierwszej po\u0142owie zszed\u0142em po z\u0142amaniu nosa. S\u0119dzia gwizda\u0142 pod Bielawiank\u0119 i wielu sytuacjach by\u0142 stronniczy. W drugiej po\u0142owie dostali\u015bmy pi\u0119\u0107 bramek i to oni cieszyli si\u0119 z awansu do trzeciej ligi.<\/p>\n\n\n\n<p>Mam r\u00f3wnie\u017c w pami\u0119ci sparing Iskry z Zag\u0142\u0119biem Lubin trenera Jab\u0142o\u0144skiego. Zremisowali\u015bmy 1:1. Trener Jab\u0142o\u0144ski nas chwali\u0142 i dziwi\u0142 si\u0119, \u017ce potrafimy od ty\u0142u wyprowadza\u0107 pi\u0142k\u0119 i nie boimy si\u0119 ni\u0105 gra\u0107. U trenera Stanis\u0142awa Kwiatkowskiego uczono nas wyprowadzania pi\u0142ki od bramkarza bez wzgl\u0119du z kim gramy. Po Kochlicach pogra\u0142em jeszcze w czwartej lidze w Prochowiczance Prochowice.<\/p>\n\n\n\n<p>Graj\u0105c w Niemczech mia\u0142em jeszcze epizod w Chrobrym Nowogrodziec. Zadzwoni\u0142 do mnie Andrzej Turkowski, \u017ce dru\u017cyna si\u0119 rozsypa\u0142a i graj\u0105 wa\u017cny mecz o awans do IV ligi. Nie zna\u0142em zawodnik\u00f3w, a trzeba by\u0142o gra\u0107 wa\u017cne mecze. Trenerem by\u0142 wtedy \u015bp. Krzysztof Lechowski, \u015bwietny facet i dobry trener (przykro mi by\u0142o, jak dowiedzia\u0142em si\u0119 o jego \u015bmierci). Decyduj\u0105cy mecz o awansie w sezonie 2002\/2003 grali\u015bmy z Juli\u0105 Szklarska Por\u0119ba i to oni wygrali 0:2. Wyprzedzili nas o jeden punkt. Po tym meczu pogra\u0142em tam jeszcze p\u00f3\u0142 roku. Wtedy w Nowogrod\u017acu by\u0142 fajny klimat dla pi\u0142ki, \u015bwietne boisko i sympatyczni ludzie.<\/p>\n\n\n\n<p>By\u0142 jeszcze klub Polmo Ko\u017cuch\u00f3w, kt\u00f3rego trenerem by\u0142 Romuald Kujawa. Pracowa\u0142em ju\u017c w kopalni. Przede mn\u0105 trafili do Ko\u017cuchowa Marcin Kucharski, \u0141ukasz Wingert, Waldek Roma\u0107, Robert Malawski i m\u00f3j brat Piotr. W Polmo by\u0142a podobna sytuacja jak w Niemczech, klub by\u0142 na ostatnim miejscu i walczy\u0142 o utrzymanie. Tym razem uda\u0142o si\u0119 utrzyma\u0107 i w nast\u0119pnym sezonie walczyli\u015bmy o awans.<\/p>\n\n\n\n<p>Przygod\u0119 z pi\u0142k\u0105 sko\u0144czy\u0142em w tamtym sezonie w Victorii Niemst\u00f3w.<\/p>\n\n\n\n<h4 class=\"wp-block-heading\">Kt\u00f3ry z Pana koleg\u00f3w m\u00f3g\u0142 zrobi\u0107 wi\u0119ksz\u0105 karier\u0119 lub zaistnie\u0107 w powa\u017cnej pi\u0142ce?<\/h4>\n\n\n\n<p>My\u015bl\u0119, \u017ce tak\u0105 osob\u0105 by\u0142 Pawe\u0142 Matijczak. Trafi\u0142 jako pierwszy do reprezentacji juniorskich i szybko awansowano go do pierwszej dru\u017cyny. Gra\u0142 w wieku 15 lat w kadrach z 18-latkami. Debiutowa\u0142 w Zag\u0142\u0119biu Lubin, gra\u0142 te\u017c w Miedzi Legnica i nawet w kadrze Polski w pi\u0142ce halowej. Niestety nie zrobi\u0142 takiej kariery, jak cho\u0107by Radek Ka\u0142u\u017cny.<\/p>\n\n\n\n<p>My\u015bl\u0119, \u017ce Robert Malawski te\u017c m\u00f3g\u0142 wi\u0119cej osi\u0105gn\u0105\u0107. Podobnie z Arkiem Skowronem, kt\u00f3rego kontuzja wykluczy\u0142a z gry w pi\u0142k\u0119. Irek S\u0142omiak sko\u0144czy\u0142 w drugiej lidze w Chrobrym.<\/p>\n\n\n\n<h4 class=\"wp-block-heading\">Jak wspomina Pan mecz towarzyski rozegrany w 2010 roku pomi\u0119dzy Zag\u0142\u0119biem Lubin a pracownikami KGHM? Wielu zawodnik\u00f3w KGHM ma za sob\u0105 przesz\u0142o\u015b\u0107 w naszym klubie.<\/h4>\n\n\n\n<p>Jak ju\u017c skupi\u0142em si\u0119 na pracy w kopalni, to r\u00f3wnie\u017c gra\u0142em w dru\u017cynie zak\u0142adowej, kt\u00f3ra je\u017adzi\u0142a po r\u00f3\u017cnych turniejach czy mistrzostwach bran\u017cowych. \u00c0 propos meczu towarzyskiego to by\u0142o mi\u0142e do\u015bwiadczenie i prze\u017cycie dla nas, bo praktycznie ka\u017cdy reprezentowa\u0142 w pewnym momencie Zag\u0142\u0119bie Lubin.<\/p>\n\n\n\n<p>Zabrak\u0142o nam niewiele, \u017ceby do przerwy dowie\u017a wynik 0:0. W naszej bramce sta\u0142 Jacek Kikowski, kt\u00f3rego chwalono po kilku paradach. W naszym zespole nie by\u0142o przypadkowym os\u00f3b. Wiadomo, \u017ce wydolno\u015b\u0107 i kondycja ju\u017c nie by\u0142a taka jak u przeciwnik\u00f3w, ale postawili\u015bmy im wysoko poprzeczk\u0119. Pami\u0119tam, \u017ce grali\u015bmy te\u017c drugi mecz z Zag\u0142\u0119biem na cele charytatywne i by\u0142a r\u00f3wnie\u017c ekipa Canal+, Tomasz Zubilewicz i Micha\u0142 Wi\u015bniewski.<\/p>\n\n\n\n<div class=\"wp-block-image alignnone size-full wp-image-992\"><figure class=\"aligncenter\"><img decoding=\"async\" src=\"https:\/\/krzysztofkostka.files.wordpress.com\/2020\/03\/turniej-pic582ki-halowej-1.jpg\" alt=\"Turniej pi\u0142ki halowej-1\" class=\"wp-image-992\"\/><figcaption>Krzysztof Palczewski wraz z dru\u017cyn\u0105 na IV Mi\u0119dzybran\u017cowych Mistrzostwach Polski Firm i Zak\u0142ad\u00f3w Pracy w halowej pi\u0142ce no\u017cnej Krak\u00f3w 2009 rok<\/figcaption><\/figure><\/div>\n\n\n\n<h4 class=\"wp-block-heading\">Czym obecnie si\u0119 Pan zajmuje?<\/h4>\n\n\n\n<p>Pracuj\u0119 na kopalni i realizuj\u0119 swoj\u0105 pasj\u0119, jak\u0105 s\u0105 go\u0142\u0119bie. Jestem hodowc\u0105 go\u0142\u0119bi pocztowych i trenuje je podczas lot\u00f3w. Jeden z moich najlepszych go\u0142\u0119bi nazywa si\u0119 Neymar i zdoby\u0142 ju\u017c trzy puchary. Jarek Pokora \u015bmieje si\u0119, \u017ce z pi\u0142k\u0105 mi nie wysz\u0142o, to przynajmniej w lotach go\u0142\u0119bi sobie radz\u0119 \ud83d\ude42<\/p>\n\n\n\n<div class=\"wp-block-image alignnone size-full wp-image-951\"><figure class=\"aligncenter\"><img decoding=\"async\" src=\"https:\/\/krzysztofkostka.files.wordpress.com\/2020\/03\/krzysztof-palczewski-i-ja.jpg\" alt=\"Krzysztof Palczewski i ja\" class=\"wp-image-951\"\/><figcaption>Krzysztof Palczewski wraz ze mn\u0105 przy pucharach zdobytych przez jego go\u0142\u0119bie.<\/figcaption><\/figure><\/div>\n\n\n\n<h4 class=\"wp-block-heading\">Post scriptum<\/h4>\n\n\n\n<p>Chcia\u0142bym podzi\u0119kowa\u0107 moim Rodzicom za to, \u017ce pozwalali mi trenowa\u0107 mimo tego, \u017ce nie zawsze by\u0142em or\u0142em w szkole. Dzi\u0119kuj\u0119 im za to, \u017ce mia\u0142em w nich zawsze wsparcie.<\/p>\n\n\n\n<p>Dzi\u0119kuj\u0119 wszystkim kolegom z rocznika 1974. Do tej pory trzymamy si\u0119 razem w wi\u0119kszym gronie. Tworzymy super ekip\u0119 do dnia dzisiejszego i wspieramy si\u0119 wzajemnie w razie jakichkolwiek przeciwno\u015bci losu<\/p>\n","protected":false},"excerpt":{"rendered":"<p>Krzysztof Palczewski ur. 3 lutego 1974 roku. Wychowanek Zag\u0142\u0119bia Lubin. Zawodnik Piasta I\u0142owa, Czarnych \u017baga\u0144, Promienia \u017bary, niemieckich klub\u00f3w: TuS Weinb\u00f6hla e.V., Gro\u00dfenhainer FV 90 i FC Mei\u00dfen, Iskry Kochlice,&hellip; <\/p>\n","protected":false},"author":1,"featured_media":1586,"comment_status":"open","ping_status":"open","sticky":false,"template":"","format":"standard","meta":{"footnotes":""},"categories":[6],"tags":[],"class_list":["post-1587","post","type-post","status-publish","format-standard","has-post-thumbnail","hentry","category-wywiady"],"_links":{"self":[{"href":"https:\/\/www.zaglebiak.com\/index.php\/wp-json\/wp\/v2\/posts\/1587","targetHints":{"allow":["GET"]}}],"collection":[{"href":"https:\/\/www.zaglebiak.com\/index.php\/wp-json\/wp\/v2\/posts"}],"about":[{"href":"https:\/\/www.zaglebiak.com\/index.php\/wp-json\/wp\/v2\/types\/post"}],"author":[{"embeddable":true,"href":"https:\/\/www.zaglebiak.com\/index.php\/wp-json\/wp\/v2\/users\/1"}],"replies":[{"embeddable":true,"href":"https:\/\/www.zaglebiak.com\/index.php\/wp-json\/wp\/v2\/comments?post=1587"}],"version-history":[{"count":2,"href":"https:\/\/www.zaglebiak.com\/index.php\/wp-json\/wp\/v2\/posts\/1587\/revisions"}],"predecessor-version":[{"id":1627,"href":"https:\/\/www.zaglebiak.com\/index.php\/wp-json\/wp\/v2\/posts\/1587\/revisions\/1627"}],"wp:featuredmedia":[{"embeddable":true,"href":"https:\/\/www.zaglebiak.com\/index.php\/wp-json\/wp\/v2\/media\/1586"}],"wp:attachment":[{"href":"https:\/\/www.zaglebiak.com\/index.php\/wp-json\/wp\/v2\/media?parent=1587"}],"wp:term":[{"taxonomy":"category","embeddable":true,"href":"https:\/\/www.zaglebiak.com\/index.php\/wp-json\/wp\/v2\/categories?post=1587"},{"taxonomy":"post_tag","embeddable":true,"href":"https:\/\/www.zaglebiak.com\/index.php\/wp-json\/wp\/v2\/tags?post=1587"}],"curies":[{"name":"wp","href":"https:\/\/api.w.org\/{rel}","templated":true}]}}