{"id":15728,"date":"2022-12-18T21:28:16","date_gmt":"2022-12-18T20:28:16","guid":{"rendered":"https:\/\/www.zaglebiak.com\/?p=15728"},"modified":"2022-12-18T21:28:18","modified_gmt":"2022-12-18T20:28:18","slug":"mialo-byc-podsumowanie-znow-bedzie-obiecywanie","status":"publish","type":"post","link":"https:\/\/www.zaglebiak.com\/index.php\/2022\/12\/18\/mialo-byc-podsumowanie-znow-bedzie-obiecywanie\/","title":{"rendered":"Mia\u0142o by\u0107 podsumowanie, zn\u00f3w b\u0119dzie obiecywanie?!"},"content":{"rendered":"\n<p>Ju\u017c jutro zapowiadany Tweetup czyli spotkanie prezesa z tweeterowiczami. Szefowi klubu towarzyszy\u0142 b\u0119dzie p.o. dyrektora marketingu Marcin Magda, kt\u00f3ry od niedawna pe\u0142ni t\u0119 zaszczytn\u0105 funkcj\u0119. Nie spodziewamy si\u0119 nic szczeg\u00f3lnego po samym evencie, oczywi\u015bcie p\u00f3\u017aniej klub podsumuje je jako niezwyk\u0142y sukces, kt\u00f3ry komunikacj\u0119 i wsp\u00f3\u0142prac\u0119 z kibicami wyniesie na ca\u0142kiem nowy, niespotykany dot\u0105d poziom\u2026<\/p>\n\n\n\n<figure class=\"wp-block-image size-full is-resized\"><img loading=\"lazy\" decoding=\"async\" src=\"https:\/\/64.media.tumblr.com\/bf4ff77328f4477007a13b615f6b75fa\/03d1373c045bb91a-bd\/s540x810\/c0d730644dcb8946248b24bd5b1ed15d111573ec.jpg\" alt=\"\" class=\"wp-image-15730\" width=\"839\" height=\"430\"\/><figcaption class=\"wp-element-caption\">Fot. zaglebie.com<\/figcaption><\/figure>\n\n\n\n<p>Kilka tygodni temu, gdzie\u015b wpadli\u015bmy na wpis Micha\u0142a Kielana, \u017ce do ko\u0144ca roku zaplanowa\u0142 kilka spotka\u0144 z kibicami, wi\u0119c zapowiada si\u0119 bardzo aktywny okres dla sternika naszego klubu: barb\u00f3rki, zabawa w prezesa, transfery, spotkania z samorz\u0105dowcami, spotkania op\u0142atkowe\u2026 gdzie on w tym wszystkim znajdzie czas, by wreszcie, jak to nam zapowiadano, rzetelnie podsumowa\u0107 A.D 2022?! Nie zapominajmy, \u017ce takowe podsumowania mia\u0142y by\u0107, a mimo \u017ce Miedziowi rozpocz\u0119li przygotowania do drugiej cz\u0119\u015bci sezonu, tej pierwszej nam jeszcze nie om\u00f3wiono.<\/p>\n\n\n\n<p>Jutro wi\u0119c spotkanie, dlaczego nale\u017cy p\u00f3j\u015b\u0107? Przede wszystkim by powiedzie\u0107 prezesowi prawd\u0119, co nas wszystkich boli i zada\u0107 prosto w oczy kilka niewygodnych pyta\u0144: Kto odpowiada w klubie za przecieki? Jakie konsekwencje wobec os\u00f3b, kt\u00f3re s\u0142abo wywi\u0105zywa\u0142y si\u0119 ze swoich obowi\u0105zk\u00f3w zostan\u0105 wyci\u0105gni\u0119te? Jak prezes ocenia swoj\u0105 prac\u0119? Jakie konsekwencje za tak beznadziejne transfery zostan\u0105 wyci\u0105gni\u0119te? Dodatkowo podpyta\u0107, dlaczego nie umiemy w marketing i komunikacj\u0119 oraz o ostatni kwiatek: dlaczego tak a nie inaczej potraktowano Paw\u0142a Karmelit\u0119 i po co kto\u015b rozpuszcza\u0142 plotki, \u017ce zas\u0142u\u017cony trener otrzyma\u0142 propozycj\u0119 pracy w klubie? Nie zapominajmy o inwestycjach, czy regularnym olewaniu\u2026<\/p>\n\n\n\n<p>Dlaczego jednak nale\u017cy sobie odpu\u015bci\u0107? W najlepszym razie czeka nas s\u0142odkie pierdzenie, mo\u017ce kilka gad\u017cet\u00f3w. Co\u015b nam m\u00f3wi, \u017ce nieprzypadkowo pojawi si\u0119 Marcin Magda, by u\u015bpi\u0107 nasz\u0105 czujno\u015b\u0107. Chyba nasi decydenci wpadli na pomys\u0142, \u017ce jak nowy p.o. dyrektora si\u0119 pojawi, to zn\u00f3w mo\u017cna b\u0119dzie nawciska\u0107 kitu, \u017ce teraz to b\u0119dzie super. Zmieni si\u0119 podej\u015bcie do kibic\u00f3w, zmieni si\u0119 komunikacja i promocja, klub teraz b\u0119dzie dzia\u0142a\u0142 dla lokalnej spo\u0142eczno\u015bci, anga\u017cowa\u0142 j\u0105, dba\u0142 o histori\u0119 i takie tam, zreszt\u0105 to wszystko co by\u0142o deklarowane, jak pojawi\u0142 si\u0119 poprzednik pana Magdy. Po co to wszystko, kto\u015b w to jeszcze wierzy, \u017ce przy obecnym uk\u0142adzie nagle ruszy machina? Ma\u0142o tego, czy kto\u015b uwa\u017ca, \u017ce jutro us\u0142yszmy jakie\u015b konkrety, czy b\u0119dzie to og\u00f3lnikowa wizja malowana r\u00f3\u017cowym flamastrem na kolanie?<\/p>\n\n\n\n<p>Konkursu na dyrektora nie by\u0142o, ale do Marcina Magdy nic p\u00f3ki co nie mamy, co wi\u0119cej na stanowisku prezentuje si\u0119 zdecydowanie sensowniej, ni\u017c kolega Golik, kt\u00f3ry to sam zrezygnowa\u0142 z pracy, jak okaza\u0142o si\u0119, \u017ce w zasadzie samo nic si\u0119 nie robi. Marcin Magda zosta\u0142 dlatego pe\u0142ni\u0105cym obowi\u0105zki, bo to nie wymaga ca\u0142ej procedury, a jak o dziwo si\u0119 sprawdzi (czego \u017cyczymy, bo klub potrzebuje jakich\u015b sukces\u00f3w), to po kilku miesi\u0105cach zostanie pe\u0142noprawnym dyrektorem. By\u0107 mo\u017ce Marcin Magda pojawi si\u0119, bo po pierwszym Tweetupie prezes zdaje sobie spraw\u0119, \u017ce potrzebuje wsparcia, szkoda \u017ce ucieka si\u0119 do wystawiania na ma\u0142\u0105 min\u0119 go\u015bcia, kt\u00f3ry kilkana\u015bcie dni temu zosta\u0142 przez niego zatrudniony \u2013 czaicie? Dyrektor pracuje w klubie kilkana\u015bcie dni, a ma i\u015b\u0107 broni\u0107 szefa przed niezadowolonymi kibicami!<\/p>\n\n\n\n<p>Nie idziemy, bo nie czujemy takiej potrzeby, ukr\u0119cimy w tym czasie jakie\u015b ciasto na \u015bwi\u0119ta czy zrobimy kilka ozd\u00f3b na choink\u0119, albo przygotujemy makaron do roso\u0142u, o wiele smaczniejszy, ni\u017c ten, kt\u00f3ry prezes i pan Magda b\u0119d\u0105 nawija\u0107 swoim go\u015bciom na uszy. We wtorek na klubowej stronie przeczytamy sobie jakie\u015b bzdury o buduj\u0105cych rozmowach, ciekawych spostrze\u017ceniach i nowych formach wsp\u00f3\u0142pracy, kt\u00f3re w\u0142a\u015bnie zosta\u0142y wypracowane. Ale poczekamy na kolejne spotkania, kt\u00f3re prezes zapowiada\u0142 jeszcze w tym roku, mo\u017ce w\u00f3wczas si\u0119 wybierzemy. Ko\u0144czymy \u015bmiej\u0105c si\u0119 g\u0142upkowato do siebie&#8230;<\/p>\n","protected":false},"excerpt":{"rendered":"<p>Ju\u017c jutro zapowiadany Tweetup czyli spotkanie prezesa z tweeterowiczami. Szefowi klubu towarzyszy\u0142 b\u0119dzie p.o. dyrektora marketingu Marcin Magda, kt\u00f3ry od niedawna pe\u0142ni t\u0119 zaszczytn\u0105 funkcj\u0119. Nie spodziewamy si\u0119 nic szczeg\u00f3lnego&hellip; <\/p>\n","protected":false},"author":11,"featured_media":15730,"comment_status":"open","ping_status":"open","sticky":false,"template":"","format":"standard","meta":{"footnotes":""},"categories":[7],"tags":[1705,1102,1704,89],"class_list":["post-15728","post","type-post","status-publish","format-standard","has-post-thumbnail","hentry","category-felietony","tag-marcin-magda","tag-michal-kielan","tag-tweetup","tag-zaglebie-lubin"],"_links":{"self":[{"href":"https:\/\/www.zaglebiak.com\/index.php\/wp-json\/wp\/v2\/posts\/15728","targetHints":{"allow":["GET"]}}],"collection":[{"href":"https:\/\/www.zaglebiak.com\/index.php\/wp-json\/wp\/v2\/posts"}],"about":[{"href":"https:\/\/www.zaglebiak.com\/index.php\/wp-json\/wp\/v2\/types\/post"}],"author":[{"embeddable":true,"href":"https:\/\/www.zaglebiak.com\/index.php\/wp-json\/wp\/v2\/users\/11"}],"replies":[{"embeddable":true,"href":"https:\/\/www.zaglebiak.com\/index.php\/wp-json\/wp\/v2\/comments?post=15728"}],"version-history":[{"count":1,"href":"https:\/\/www.zaglebiak.com\/index.php\/wp-json\/wp\/v2\/posts\/15728\/revisions"}],"predecessor-version":[{"id":15731,"href":"https:\/\/www.zaglebiak.com\/index.php\/wp-json\/wp\/v2\/posts\/15728\/revisions\/15731"}],"wp:featuredmedia":[{"embeddable":true,"href":"https:\/\/www.zaglebiak.com\/index.php\/wp-json\/wp\/v2\/media\/15730"}],"wp:attachment":[{"href":"https:\/\/www.zaglebiak.com\/index.php\/wp-json\/wp\/v2\/media?parent=15728"}],"wp:term":[{"taxonomy":"category","embeddable":true,"href":"https:\/\/www.zaglebiak.com\/index.php\/wp-json\/wp\/v2\/categories?post=15728"},{"taxonomy":"post_tag","embeddable":true,"href":"https:\/\/www.zaglebiak.com\/index.php\/wp-json\/wp\/v2\/tags?post=15728"}],"curies":[{"name":"wp","href":"https:\/\/api.w.org\/{rel}","templated":true}]}}