{"id":14874,"date":"2022-10-08T06:55:00","date_gmt":"2022-10-08T04:55:00","guid":{"rendered":"https:\/\/www.zaglebiak.com\/?p=14874"},"modified":"2022-10-07T21:59:18","modified_gmt":"2022-10-07T19:59:18","slug":"8-pazdziernika-urodzili-sie-maciej-kijewski-i-marcel-wolan-2","status":"publish","type":"post","link":"https:\/\/www.zaglebiak.com\/index.php\/2022\/10\/08\/8-pazdziernika-urodzili-sie-maciej-kijewski-i-marcel-wolan-2\/","title":{"rendered":"8 pa\u017adziernika urodzili si\u0119 Maciej Kijewski i Marcel Wolan"},"content":{"rendered":"\n<figure class=\"wp-block-image size-full\"><img loading=\"lazy\" decoding=\"async\" width=\"816\" height=\"1216\" src=\"https:\/\/64.media.tumblr.com\/6f5888ba80f0e896a700c4a1299ccc1b\/299ca2f2fce7255d-f5\/s1280x1920\/cdb20979ef76f7b70fccd7c0f1650765e3f697ea.jpg\" alt=\"\" class=\"wp-image-14871\"\/><figcaption>Maciej Kijewski. Fot. Jerzy Kosi\u0144ski<\/figcaption><\/figure>\n\n\n\n<p>Maciej Kijewski urodzi\u0142 si\u0119 8 pa\u017adziernika 1977 roku w Lubinie. Wychowanek Zag\u0142\u0119bia Lubin przeszed\u0142 wszystkie szczeble szkolenia a\u017c do pierwszej dru\u017cyny. Z Zag\u0142\u0119biem Lubin zwi\u0105zany do wiosny 1999 roku. Reprezentowa\u0142 r\u00f3wnie\u017c G\u00f3rnika Polkowice, Promie\u0144 \u017bary, KP Police, Nysa Zgorzelec, Pogo\u0144 Zdu\u0144ska Wola, Chrobry G\u0142og\u00f3w, Prochowiczanka Prochowice, Odra \u015acinawa i ostatnio Sparta Rudna. Gra\u0142 r\u00f3wnie\u017c w litewskim FC Vilnius i norweskim Brumunddal AIL.<\/p>\n\n\n\n<figure class=\"wp-block-image size-full is-resized\"><img loading=\"lazy\" decoding=\"async\" src=\"https:\/\/64.media.tumblr.com\/88e0a7130d1382f3515d67aee2a36f7b\/299ca2f2fce7255d-2d\/s400x600\/d1d0291c280d9714742f84998eeb04edd50092d3.jpg\" alt=\"\" class=\"wp-image-14873\" width=\"834\" height=\"739\"\/><figcaption>Marcel Wolan<\/figcaption><\/figure>\n\n\n\n<p>Marcel Wolan urodzi\u0142 si\u0119 8 pa\u017adziernika 1999 roku. Napastnik jest wychowankiem Stali Chocian\u00f3w, z kt\u00f3rej trafi\u0142 do Zag\u0142\u0119bia Lubin. Lubi\u0144ski klub reprezentowa\u0142 w latach 2015-2017.<\/p>\n","protected":false},"excerpt":{"rendered":"<p>Maciej Kijewski urodzi\u0142 si\u0119 8 pa\u017adziernika 1977 roku w Lubinie. Wychowanek Zag\u0142\u0119bia Lubin przeszed\u0142 wszystkie szczeble szkolenia a\u017c do pierwszej dru\u017cyny. Z Zag\u0142\u0119biem Lubin zwi\u0105zany do wiosny 1999 roku. Reprezentowa\u0142&hellip; <\/p>\n","protected":false},"author":1,"featured_media":14868,"comment_status":"open","ping_status":"open","sticky":false,"template":"","format":"standard","meta":{"footnotes":""},"categories":[46],"tags":[1116,1117,89],"class_list":["post-14874","post","type-post","status-publish","format-standard","has-post-thumbnail","hentry","category-aktualnosci","tag-maciej-kijewski","tag-marcel-wolan","tag-zaglebie-lubin"],"_links":{"self":[{"href":"https:\/\/www.zaglebiak.com\/index.php\/wp-json\/wp\/v2\/posts\/14874","targetHints":{"allow":["GET"]}}],"collection":[{"href":"https:\/\/www.zaglebiak.com\/index.php\/wp-json\/wp\/v2\/posts"}],"about":[{"href":"https:\/\/www.zaglebiak.com\/index.php\/wp-json\/wp\/v2\/types\/post"}],"author":[{"embeddable":true,"href":"https:\/\/www.zaglebiak.com\/index.php\/wp-json\/wp\/v2\/users\/1"}],"replies":[{"embeddable":true,"href":"https:\/\/www.zaglebiak.com\/index.php\/wp-json\/wp\/v2\/comments?post=14874"}],"version-history":[{"count":1,"href":"https:\/\/www.zaglebiak.com\/index.php\/wp-json\/wp\/v2\/posts\/14874\/revisions"}],"predecessor-version":[{"id":14875,"href":"https:\/\/www.zaglebiak.com\/index.php\/wp-json\/wp\/v2\/posts\/14874\/revisions\/14875"}],"wp:featuredmedia":[{"embeddable":true,"href":"https:\/\/www.zaglebiak.com\/index.php\/wp-json\/wp\/v2\/media\/14868"}],"wp:attachment":[{"href":"https:\/\/www.zaglebiak.com\/index.php\/wp-json\/wp\/v2\/media?parent=14874"}],"wp:term":[{"taxonomy":"category","embeddable":true,"href":"https:\/\/www.zaglebiak.com\/index.php\/wp-json\/wp\/v2\/categories?post=14874"},{"taxonomy":"post_tag","embeddable":true,"href":"https:\/\/www.zaglebiak.com\/index.php\/wp-json\/wp\/v2\/tags?post=14874"}],"curies":[{"name":"wp","href":"https:\/\/api.w.org\/{rel}","templated":true}]}}