{"id":14861,"date":"2022-10-07T12:20:06","date_gmt":"2022-10-07T10:20:06","guid":{"rendered":"https:\/\/www.zaglebiak.com\/?p=14861"},"modified":"2022-10-07T13:12:27","modified_gmt":"2022-10-07T11:12:27","slug":"boguslaw-florkowski-05-08-1934-29-08-2019","status":"publish","type":"post","link":"https:\/\/www.zaglebiak.com\/index.php\/2022\/10\/07\/boguslaw-florkowski-05-08-1934-29-08-2019\/","title":{"rendered":"Bogus\u0142aw Florkowski 05.08.1934-24.08.2019"},"content":{"rendered":"\n<p>Bogus\u0142aw Florkowski urodzi\u0142 si\u0119 5 sierpnia 1934 roku w Warszawie. Jesieni\u0105 1962 roku przyjecha\u0142 do Lubina i rozpocz\u0105\u0142 prac\u0119 w Przedsi\u0119biorstwie Budowy Kopal\u0144 (PBK) na stanowisku \u015blusarz-spawacz. Nast\u0119pnie podj\u0105\u0142 prac\u0119 na ZG Lubin na tym samym stanowisku co w PBK, a p\u00f3\u017aniej a\u017c do emerytury pracowa\u0142 jako maszynista wyci\u0105gowy. Od pocz\u0105tku zaanga\u017cowa\u0142 si\u0119 r\u00f3wnie\u017c w \u017cycie sportowe. Zaczyna\u0142 jeszcze w Zawiszy Lubin, p\u00f3\u017aniej przez G\u00f3rnika Lubin do Zag\u0142\u0119bia Lubin. By\u0142 klubowym dzia\u0142aczem i pe\u0142ni\u0142 funkcj\u0119 sekretarza sekcji pi\u0142ki no\u017cnej i nast\u0119pnie kierownika obozu do ok 1984 roku. Zmar\u0142 24 sierpnia 2019 roku w Lubinie i pochowany jest na starym cmentarzu.<\/p>\n\n\n\n<figure class=\"wp-block-image size-full\"><img loading=\"lazy\" decoding=\"async\" width=\"2048\" height=\"1395\" src=\"https:\/\/64.media.tumblr.com\/58d46c28ed64a12beb91db0c00bc96ec\/1265e244421861de-83\/s2048x3072\/1101c8b69868d9f728fd715f0173d617613bbe53.jpg\" alt=\"\" class=\"wp-image-14850\"\/><figcaption>Bogus\u0142aw Florkowski stoi drugi od prawej podczas obozu Zag\u0142\u0119bia Lubin w Kudowie w 1967 roku<\/figcaption><\/figure>\n\n\n\n<figure class=\"wp-block-image size-full\"><img loading=\"lazy\" decoding=\"async\" width=\"2048\" height=\"1373\" src=\"https:\/\/64.media.tumblr.com\/98e51c96135dc311eaf80ad82c5937a6\/1265e244421861de-cc\/s2048x3072\/06e47ed8bdcd0e7ef751ee4b3e8cb46c335163a4.jpg\" alt=\"\" class=\"wp-image-14852\"\/><figcaption>Bogus\u0142aw Florkowski prawdopodobnie w Ko\u0142obrzegu<\/figcaption><\/figure>\n\n\n\n<figure class=\"wp-block-image size-full\"><img loading=\"lazy\" decoding=\"async\" width=\"2048\" height=\"2973\" src=\"https:\/\/64.media.tumblr.com\/4c5371ee1ea80bb2325d47614fcb01b1\/1265e244421861de-2c\/s2048x3072\/97e396b85331a82761330a5f9504749824b42798.jpg\" alt=\"\" class=\"wp-image-14856\"\/><figcaption>Dyplom za aktywny udzia\u0142 w rozwoju klubu<\/figcaption><\/figure>\n\n\n\n<figure class=\"wp-block-image size-full\"><img loading=\"lazy\" decoding=\"async\" width=\"1598\" height=\"2245\" src=\"https:\/\/64.media.tumblr.com\/b0495693a40ba377a09ea1d8e9923ea1\/1265e244421861de-55\/s2048x3072\/661b81563330ec0f134d318cb403b6539b5295e8.jpg\" alt=\"\" class=\"wp-image-14848\"\/><figcaption>Dyplom od PMRN w Lubinie za zas\u0142ugi przy budowie Stadionu G\u00f3rniczego<\/figcaption><\/figure>\n\n\n\n<figure class=\"wp-block-image size-full\"><img loading=\"lazy\" decoding=\"async\" width=\"2048\" height=\"2995\" src=\"https:\/\/64.media.tumblr.com\/7313a124c513ec2526da8b59961f0eec\/9b9bfa7251571d83-f8\/s2048x3072\/dc880f1ea5814ba02b7e1c2e46338395ad523d99.jpg\" alt=\"\" class=\"wp-image-14863\"\/><figcaption>Sprawozdanie, w kt\u00f3rym Bogus\u0142aw Florkowski wymieniony jest jako sekretarz sekcji pi\u0142ki no\u017cnej<\/figcaption><\/figure>\n\n\n\n<p>O jego oddaniu sportowi i lubi\u0144skiej dru\u017cynie najlepiej \u015bwiadczy ta wypowied\u017a z jednego z zebra\u0144.<\/p>\n\n\n\n<figure class=\"wp-block-image size-full\"><img loading=\"lazy\" decoding=\"async\" width=\"1586\" height=\"215\" src=\"https:\/\/64.media.tumblr.com\/cefdd4d46e70869487fbef6d3687a8dd\/1265e244421861de-b3\/s2048x3072\/f1891433081342a33740da8c0a67609a1d2058c3.jpg\" alt=\"\" class=\"wp-image-14858\"\/><\/figure>\n\n\n\n<p>Bogus\u0142aw Florkowski jest pochowany na Starym Cmentarzu w Lubinie. Sektor G, Rz\u0105d 18, Gr\u00f3b 25<\/p>\n\n\n\n<figure class=\"wp-block-image size-full\"><img loading=\"lazy\" decoding=\"async\" width=\"2048\" height=\"1536\" src=\"https:\/\/64.media.tumblr.com\/1af91d9693d4914df41d0173a2d2bc95\/ea7838ba76142ce4-03\/s2048x3072\/1b85b9cb281ba3fca73e15a4ca72e0826218a6db.jpg\" alt=\"\" class=\"wp-image-14860\"\/><figcaption>Nagrobek Bogus\u0142awa Florkowskiego<\/figcaption><\/figure>\n","protected":false},"excerpt":{"rendered":"<p>Bogus\u0142aw Florkowski urodzi\u0142 si\u0119 5 sierpnia 1934 roku w Warszawie. Jesieni\u0105 1962 roku przyjecha\u0142 do Lubina i rozpocz\u0105\u0142 prac\u0119 w Przedsi\u0119biorstwie Budowy Kopal\u0144 (PBK) na stanowisku \u015blusarz-spawacz. Nast\u0119pnie podj\u0105\u0142 prac\u0119&hellip; <\/p>\n","protected":false},"author":1,"featured_media":14852,"comment_status":"open","ping_status":"open","sticky":false,"template":"","format":"standard","meta":{"footnotes":""},"categories":[40,1647],"tags":[1611,275,89,142],"class_list":["post-14861","post","type-post","status-publish","format-standard","has-post-thumbnail","hentry","category-biogramy","category-f","tag-boguslaw-florkowski","tag-gornik-lubin","tag-zaglebie-lubin","tag-zawisza-lubin"],"_links":{"self":[{"href":"https:\/\/www.zaglebiak.com\/index.php\/wp-json\/wp\/v2\/posts\/14861","targetHints":{"allow":["GET"]}}],"collection":[{"href":"https:\/\/www.zaglebiak.com\/index.php\/wp-json\/wp\/v2\/posts"}],"about":[{"href":"https:\/\/www.zaglebiak.com\/index.php\/wp-json\/wp\/v2\/types\/post"}],"author":[{"embeddable":true,"href":"https:\/\/www.zaglebiak.com\/index.php\/wp-json\/wp\/v2\/users\/1"}],"replies":[{"embeddable":true,"href":"https:\/\/www.zaglebiak.com\/index.php\/wp-json\/wp\/v2\/comments?post=14861"}],"version-history":[{"count":2,"href":"https:\/\/www.zaglebiak.com\/index.php\/wp-json\/wp\/v2\/posts\/14861\/revisions"}],"predecessor-version":[{"id":14865,"href":"https:\/\/www.zaglebiak.com\/index.php\/wp-json\/wp\/v2\/posts\/14861\/revisions\/14865"}],"wp:featuredmedia":[{"embeddable":true,"href":"https:\/\/www.zaglebiak.com\/index.php\/wp-json\/wp\/v2\/media\/14852"}],"wp:attachment":[{"href":"https:\/\/www.zaglebiak.com\/index.php\/wp-json\/wp\/v2\/media?parent=14861"}],"wp:term":[{"taxonomy":"category","embeddable":true,"href":"https:\/\/www.zaglebiak.com\/index.php\/wp-json\/wp\/v2\/categories?post=14861"},{"taxonomy":"post_tag","embeddable":true,"href":"https:\/\/www.zaglebiak.com\/index.php\/wp-json\/wp\/v2\/tags?post=14861"}],"curies":[{"name":"wp","href":"https:\/\/api.w.org\/{rel}","templated":true}]}}