{"id":14699,"date":"2022-09-26T22:41:51","date_gmt":"2022-09-26T20:41:51","guid":{"rendered":"https:\/\/www.zaglebiak.com\/?p=14699"},"modified":"2022-09-26T23:00:09","modified_gmt":"2022-09-26T21:00:09","slug":"podsumowanie-akcji-tydzien-bez-barier","status":"publish","type":"post","link":"https:\/\/www.zaglebiak.com\/index.php\/2022\/09\/26\/podsumowanie-akcji-tydzien-bez-barier\/","title":{"rendered":"Podsumowanie akcji &#8222;Tydzie\u0144 Bez Barier&#8221;"},"content":{"rendered":"\n<p>Przyszed\u0142 czas na podsumowanie akcji &#8222;Tydzie\u0144 Bez Barier&#8221;, akcji maj\u0105cej podkre\u015bli\u0107 istot\u0119 uczestnictwa os\u00f3b z niepe\u0142nosprawno\u015bciami w meczach pi\u0142karskich w Polsce oraz zach\u0119ci\u0107 kolejne osoby z r\u00f3\u017cnorakimi dysfunkcjami do wyj\u015bcia z domu i wizyt na polskich stadionach. Mamy nadziej\u0119,\u017ce Niepe\u0142nosprawni Kibice Zag\u0142\u0119bia Lubin,pokazali \u017ce &#8222;NIEPE\u0141NOSPRAWNO\u015a\u0106 TO NIE KONIEC \u015aWIATA &#8222;.<\/p>\n\n\n\n<p>Osoby z niepe\u0142nosprawno\u015bciami maj\u0105 r\u00f3\u017cnorodne zainteresowania, s\u0105 wra\u017cliwe i pe\u0142ne pasji! Maj\u0105 w sobie moc i si\u0142\u0119, aby walczy\u0107 z przeciwno\u015bciami losu i nie straszne im przeszkody rzucane przez \u017cycie. Potrafi\u0105 pokaza\u0107, \u017ce czasami maj\u0105 w sobie wi\u0119cej samozaparcia ni\u017c osoby w 100% sprawne. Ka\u017cdy z cz\u0142onk\u00f3w pokonuje codziennie sw\u00f3j w\u0142asny &#8222;Mount Everest&#8221;, czy s\u0105 to zwyk\u0142e schody czy samodzielne wyj\u015bcie z domu.<\/p>\n\n\n\n<p>NIEPE\u0141NOSPRAWNO\u015a\u0106 TO NIE KONIEC \u015aWIATA, WSZYSCY JESTE\u015aMY KIBICAMI!!!<\/p>\n\n\n\n<p><a href=\"https:\/\/www.facebook.com\/hashtag\/tydzie%C5%84bezbarier?__eep__=6&amp;__cft__[0]=AZVVVZWqpLmB9INessT0aXMtw6y9f8Q8sVgmgOiBGSPwH3O-PAkH8nJGY_S8fOnJT0lqazrfUGe0nMSZxsn7H31a7yPNq3lLG-_iTytbY1st0tpyWX9Cw26wTceY8hEx-Wl90LPAeRdWFwTkD-1fvu0kZvURfdiCj1IZr0jO_7NF7ONUIQOXl2UOnGkXEocgUQR-d4HIv5HIIgbDY7yb4x_5&amp;__tn__=*NK-R\">#Tydzie\u0144BezBarier<\/a><\/p>\n\n\n\n<p>Przy tej okazji jako FC Gromadka wspominamy jednego z nas, Filipa, kt\u00f3ry kibicuje Zag\u0142\u0119biu Lubin z sektora niebo. Niestety nie jest dane mu cieszy\u0107 si\u0119 z powstania grupy i wsp\u00f3lnego celebrowania dnia meczowego, ale jest zawsze obecny z nami. Maj\u0105c w otoczeniu tak wspania\u0142ych ludzi mo\u017cemy si\u0119 przekona\u0107 na w\u0142asnej sk\u00f3rze ile dla Was i waszych bliskich znaczy wyj\u015bcie na mecz, zorganizowanie transportu, przygotowanie si\u0119 i \u017cycie na sw\u00f3j spos\u00f3b&#8230; Spos\u00f3b inny, ale pe\u0142en pasji, marze\u0144 i cel\u00f3w. Dla Was nie ma barier, s\u0105 tylko kolejne etapy do pokonania i dzi\u0119kuj\u0119 Wszystkim Niepe\u0142nosprawnym Kibicom naszego kochanego Zag\u0142\u0119bia za to, \u017ce byli\u015bcie, jeste\u015bcie i b\u0119dziecie!!!<\/p>\n\n\n\n<figure class=\"wp-block-image size-full\"><img loading=\"lazy\" decoding=\"async\" width=\"1024\" height=\"1365\" src=\"https:\/\/64.media.tumblr.com\/2e17445b4ee38c21b94cd0677a60561f\/5ddf8eac18c09c2b-66\/s1280x1920\/319a7736a392dd15b3f38d828bbf14e2acb4b20a.jpg\" alt=\"\" class=\"wp-image-14696\"\/><figcaption>Filip z Tat\u0105 Krzysztofem w towarzystwie \u017bew\u0142akowa i Szamotulskiego. <\/figcaption><\/figure>\n\n\n\n<p>Zapraszam na fb https:\/\/www.facebook.com\/Niepe%C5%82nosprawni-Kibice-Zag%C5%82%C4%99bia-Lubin-111988694734482<\/p>\n\n\n\n<p>Na fb grupy znajdziecie wiele informacji o akcji, ale tak\u017ce o tym jak grupa funkcjonuje i co planuje w najbli\u017cszej przysz\u0142o\u015bci. <\/p>\n\n\n\n<p><\/p>\n","protected":false},"excerpt":{"rendered":"<p>Przyszed\u0142 czas na podsumowanie akcji &#8222;Tydzie\u0144 Bez Barier&#8221;, akcji maj\u0105cej podkre\u015bli\u0107 istot\u0119 uczestnictwa os\u00f3b z niepe\u0142nosprawno\u015bciami w meczach pi\u0142karskich w Polsce oraz zach\u0119ci\u0107 kolejne osoby z r\u00f3\u017cnorakimi dysfunkcjami do wyj\u015bcia&hellip; <\/p>\n","protected":false},"author":1,"featured_media":14698,"comment_status":"open","ping_status":"open","sticky":false,"template":"","format":"standard","meta":{"footnotes":""},"categories":[46],"tags":[1365,1638,89],"class_list":["post-14699","post","type-post","status-publish","format-standard","has-post-thumbnail","hentry","category-aktualnosci","tag-niepelnosprawni-kibice-zaglebia-lubin","tag-tydzien-bez-barier","tag-zaglebie-lubin"],"_links":{"self":[{"href":"https:\/\/www.zaglebiak.com\/index.php\/wp-json\/wp\/v2\/posts\/14699","targetHints":{"allow":["GET"]}}],"collection":[{"href":"https:\/\/www.zaglebiak.com\/index.php\/wp-json\/wp\/v2\/posts"}],"about":[{"href":"https:\/\/www.zaglebiak.com\/index.php\/wp-json\/wp\/v2\/types\/post"}],"author":[{"embeddable":true,"href":"https:\/\/www.zaglebiak.com\/index.php\/wp-json\/wp\/v2\/users\/1"}],"replies":[{"embeddable":true,"href":"https:\/\/www.zaglebiak.com\/index.php\/wp-json\/wp\/v2\/comments?post=14699"}],"version-history":[{"count":2,"href":"https:\/\/www.zaglebiak.com\/index.php\/wp-json\/wp\/v2\/posts\/14699\/revisions"}],"predecessor-version":[{"id":14701,"href":"https:\/\/www.zaglebiak.com\/index.php\/wp-json\/wp\/v2\/posts\/14699\/revisions\/14701"}],"wp:featuredmedia":[{"embeddable":true,"href":"https:\/\/www.zaglebiak.com\/index.php\/wp-json\/wp\/v2\/media\/14698"}],"wp:attachment":[{"href":"https:\/\/www.zaglebiak.com\/index.php\/wp-json\/wp\/v2\/media?parent=14699"}],"wp:term":[{"taxonomy":"category","embeddable":true,"href":"https:\/\/www.zaglebiak.com\/index.php\/wp-json\/wp\/v2\/categories?post=14699"},{"taxonomy":"post_tag","embeddable":true,"href":"https:\/\/www.zaglebiak.com\/index.php\/wp-json\/wp\/v2\/tags?post=14699"}],"curies":[{"name":"wp","href":"https:\/\/api.w.org\/{rel}","templated":true}]}}