{"id":14058,"date":"2022-07-31T11:13:34","date_gmt":"2022-07-31T09:13:34","guid":{"rendered":"https:\/\/www.zaglebiak.com\/?p=14058"},"modified":"2022-07-31T11:13:36","modified_gmt":"2022-07-31T09:13:36","slug":"31-lipca-urodzili-sie-jerzy-szubert-miroslaw-prokop-i-kacper-terlecki","status":"publish","type":"post","link":"https:\/\/www.zaglebiak.com\/index.php\/2022\/07\/31\/31-lipca-urodzili-sie-jerzy-szubert-miroslaw-prokop-i-kacper-terlecki\/","title":{"rendered":"31 lipca urodzili si\u0119 Jerzy Szubert, Miros\u0142aw Prokop i Kacper Terlecki\u00a0"},"content":{"rendered":"\n<figure class=\"wp-block-image size-full\"><img loading=\"lazy\" decoding=\"async\" width=\"2048\" height=\"1460\" src=\"https:\/\/64.media.tumblr.com\/1a7e2d9396e2cdecf3546bfd9e6fc6df\/89ca4913f5b7acb8-a3\/s2048x3072\/884fdfe33318385e570a93dc690dc850c5ce6cef.jpg\" alt=\"\" class=\"wp-image-14053\"\/><figcaption>Jerzy Szubert 2 od lewej. Zawisza Lubin 1959 r.<\/figcaption><\/figure>\n\n\n\n<p>Jerzy Szubert urodzi\u0142 si\u0119 31 lipca 1930 roku. By\u0142 bramkarzem Sp\u00f3jni, Sparty i Zawiszy Lubin. Zmar\u0142 24 kwietnia 1978 roku. Pochowany jest w Lubinie.<\/p>\n\n\n<div class=\"wp-block-image\">\n<figure class=\"aligncenter size-full\"><img loading=\"lazy\" decoding=\"async\" width=\"226\" height=\"402\" src=\"https:\/\/64.media.tumblr.com\/3312393e9724aaa53697222062e8565d\/89ca4913f5b7acb8-f2\/s400x600\/07095e75355ee9fbe7523233566cfc981d65e035.jpg\" alt=\"\" class=\"wp-image-14057\"\/><figcaption>Miros\u0142aw Prokop<\/figcaption><\/figure>\n<\/div>\n\n\n<p>Miros\u0142aw Prokop urodzi\u0142 si\u0119 31 lipca 1959 roku. Legenda Chrobrego G\u0142og\u00f3w, ale tak\u017ce zawodnik Zag\u0142\u0119bia Lubin. W sezonie 1991\/1992 rozegra\u0142 20 spotka\u0144 w ekstraklasie dla Zag\u0142\u0119bia.<\/p>\n\n\n<div class=\"wp-block-image\">\n<figure class=\"aligncenter size-full\"><img loading=\"lazy\" decoding=\"async\" width=\"540\" height=\"647\" src=\"https:\/\/64.media.tumblr.com\/d47bfbeff985594bfbf8c05ccf66c64e\/0e82d2c568a44390-c9\/s540x810\/72dc73fc342aefe3ba855ba4896e5b5798da4f94.jpg\" alt=\"\" class=\"wp-image-14060\"\/><figcaption>Kacper Terlecki. Fot. zaglebie.com<\/figcaption><\/figure>\n<\/div>\n\n\n<p>Kacper Terlecki urodzi\u0142 si\u0119 31 lipca 2005 roku. Wychowanek Or\u0142a Wojciesz\u00f3w trafi\u0142 do junior\u00f3w Zag\u0142\u0119bia Lubin w 2015 roku. Obecnie jest w kadrze pierwszego zespo\u0142u. <\/p>\n","protected":false},"excerpt":{"rendered":"<p>Jerzy Szubert urodzi\u0142 si\u0119 31 lipca 1930 roku. By\u0142 bramkarzem Sp\u00f3jni, Sparty i Zawiszy Lubin. Zmar\u0142 24 kwietnia 1978 roku. Pochowany jest w Lubinie. Miros\u0142aw Prokop urodzi\u0142 si\u0119 31 lipca&hellip; <\/p>\n","protected":false},"author":1,"featured_media":14055,"comment_status":"open","ping_status":"open","sticky":false,"template":"","format":"standard","meta":{"footnotes":""},"categories":[46],"tags":[998,1583,999,89],"class_list":["post-14058","post","type-post","status-publish","format-standard","has-post-thumbnail","hentry","category-aktualnosci","tag-jerzy-szubert","tag-kacper-terlecki","tag-miroslaw-prokop","tag-zaglebie-lubin"],"_links":{"self":[{"href":"https:\/\/www.zaglebiak.com\/index.php\/wp-json\/wp\/v2\/posts\/14058","targetHints":{"allow":["GET"]}}],"collection":[{"href":"https:\/\/www.zaglebiak.com\/index.php\/wp-json\/wp\/v2\/posts"}],"about":[{"href":"https:\/\/www.zaglebiak.com\/index.php\/wp-json\/wp\/v2\/types\/post"}],"author":[{"embeddable":true,"href":"https:\/\/www.zaglebiak.com\/index.php\/wp-json\/wp\/v2\/users\/1"}],"replies":[{"embeddable":true,"href":"https:\/\/www.zaglebiak.com\/index.php\/wp-json\/wp\/v2\/comments?post=14058"}],"version-history":[{"count":1,"href":"https:\/\/www.zaglebiak.com\/index.php\/wp-json\/wp\/v2\/posts\/14058\/revisions"}],"predecessor-version":[{"id":14061,"href":"https:\/\/www.zaglebiak.com\/index.php\/wp-json\/wp\/v2\/posts\/14058\/revisions\/14061"}],"wp:featuredmedia":[{"embeddable":true,"href":"https:\/\/www.zaglebiak.com\/index.php\/wp-json\/wp\/v2\/media\/14055"}],"wp:attachment":[{"href":"https:\/\/www.zaglebiak.com\/index.php\/wp-json\/wp\/v2\/media?parent=14058"}],"wp:term":[{"taxonomy":"category","embeddable":true,"href":"https:\/\/www.zaglebiak.com\/index.php\/wp-json\/wp\/v2\/categories?post=14058"},{"taxonomy":"post_tag","embeddable":true,"href":"https:\/\/www.zaglebiak.com\/index.php\/wp-json\/wp\/v2\/tags?post=14058"}],"curies":[{"name":"wp","href":"https:\/\/api.w.org\/{rel}","templated":true}]}}