{"id":14050,"date":"2022-07-30T10:34:49","date_gmt":"2022-07-30T08:34:49","guid":{"rendered":"https:\/\/www.zaglebiak.com\/?p=14050"},"modified":"2022-07-30T10:34:51","modified_gmt":"2022-07-30T08:34:51","slug":"30-lipca-1978-r-urodzil-sie-daniel-dudkiewicz","status":"publish","type":"post","link":"https:\/\/www.zaglebiak.com\/index.php\/2022\/07\/30\/30-lipca-1978-r-urodzil-sie-daniel-dudkiewicz\/","title":{"rendered":"30 lipca 1978 r. urodzi\u0142 si\u0119 Daniel Dudkiewicz"},"content":{"rendered":"<div class=\"wp-block-image\">\n<figure class=\"aligncenter size-full\"><img loading=\"lazy\" decoding=\"async\" width=\"589\" height=\"911\" src=\"https:\/\/64.media.tumblr.com\/1acbd6be9be4701039632ca2830f0d22\/bece56ef653efed8-75\/s640x960\/75052990dfb9f323ddb11c2f91325166d54b0635.jpg\" alt=\"\" class=\"wp-image-14049\"\/><figcaption>Daniel Dudkiewicz z Mam\u0105. Z czas\u00f3w gry w Promieniu \u017bary<\/figcaption><\/figure>\n<\/div>\n\n\n<p>Daniel Dudkiewicz urodzi\u0142 si\u0119 30 lipca 1978 roku w Dzier\u017coniowie. Gra\u0142 w takich klubach jak: Zag\u0142\u0119bie Lubin, Lechia Dzier\u017coni\u00f3w, Promie\u0144 \u017bary, Roanne Matel Sport FC (Francja), \u0141KS \u0141\u0119knica, SV ROT-WEISS Bad Muskau (Niemcy), Orkan Szczedrzykowice, Zamet Przemk\u00f3w, a obecnie Gr\u0119bocice. Wicemistrz Polski Junior\u00f3w z Zag\u0142\u0119biem Lubin.<\/p>\n\n\n\n<figure class=\"wp-block-embed is-type-wp-embed is-provider-zaglebiak wp-block-embed-zaglebiak\"><div class=\"wp-block-embed__wrapper\">\n<blockquote class=\"wp-embedded-content\" data-secret=\"esgpWy8G9s\"><a href=\"https:\/\/www.zaglebiak.com\/index.php\/2020\/10\/16\/daniel-dudkiewicz\/\">Daniel Dudkiewicz<\/a><\/blockquote><iframe loading=\"lazy\" class=\"wp-embedded-content\" sandbox=\"allow-scripts\" security=\"restricted\" style=\"position: absolute; clip: rect(1px, 1px, 1px, 1px);\" title=\"&#8222;Daniel Dudkiewicz&#8221; &#8212; Zag\u0142\u0119biak\" src=\"https:\/\/www.zaglebiak.com\/index.php\/2020\/10\/16\/daniel-dudkiewicz\/embed\/#?secret=YHOnAunGq3#?secret=esgpWy8G9s\" data-secret=\"esgpWy8G9s\" width=\"600\" height=\"338\" frameborder=\"0\" marginwidth=\"0\" marginheight=\"0\" scrolling=\"no\"><\/iframe>\n<\/div><\/figure>\n","protected":false},"excerpt":{"rendered":"<p>Daniel Dudkiewicz urodzi\u0142 si\u0119 30 lipca 1978 roku w Dzier\u017coniowie. Gra\u0142 w takich klubach jak: Zag\u0142\u0119bie Lubin, Lechia Dzier\u017coni\u00f3w, Promie\u0144 \u017bary, Roanne Matel Sport FC (Francja), \u0141KS \u0141\u0119knica, SV ROT-WEISS&hellip; <\/p>\n","protected":false},"author":1,"featured_media":14047,"comment_status":"open","ping_status":"open","sticky":false,"template":"","format":"standard","meta":{"footnotes":""},"categories":[46],"tags":[997,89],"class_list":["post-14050","post","type-post","status-publish","format-standard","has-post-thumbnail","hentry","category-aktualnosci","tag-daniel-dudkiewicz","tag-zaglebie-lubin"],"_links":{"self":[{"href":"https:\/\/www.zaglebiak.com\/index.php\/wp-json\/wp\/v2\/posts\/14050","targetHints":{"allow":["GET"]}}],"collection":[{"href":"https:\/\/www.zaglebiak.com\/index.php\/wp-json\/wp\/v2\/posts"}],"about":[{"href":"https:\/\/www.zaglebiak.com\/index.php\/wp-json\/wp\/v2\/types\/post"}],"author":[{"embeddable":true,"href":"https:\/\/www.zaglebiak.com\/index.php\/wp-json\/wp\/v2\/users\/1"}],"replies":[{"embeddable":true,"href":"https:\/\/www.zaglebiak.com\/index.php\/wp-json\/wp\/v2\/comments?post=14050"}],"version-history":[{"count":1,"href":"https:\/\/www.zaglebiak.com\/index.php\/wp-json\/wp\/v2\/posts\/14050\/revisions"}],"predecessor-version":[{"id":14051,"href":"https:\/\/www.zaglebiak.com\/index.php\/wp-json\/wp\/v2\/posts\/14050\/revisions\/14051"}],"wp:featuredmedia":[{"embeddable":true,"href":"https:\/\/www.zaglebiak.com\/index.php\/wp-json\/wp\/v2\/media\/14047"}],"wp:attachment":[{"href":"https:\/\/www.zaglebiak.com\/index.php\/wp-json\/wp\/v2\/media?parent=14050"}],"wp:term":[{"taxonomy":"category","embeddable":true,"href":"https:\/\/www.zaglebiak.com\/index.php\/wp-json\/wp\/v2\/categories?post=14050"},{"taxonomy":"post_tag","embeddable":true,"href":"https:\/\/www.zaglebiak.com\/index.php\/wp-json\/wp\/v2\/tags?post=14050"}],"curies":[{"name":"wp","href":"https:\/\/api.w.org\/{rel}","templated":true}]}}