{"id":13947,"date":"2022-07-26T08:27:11","date_gmt":"2022-07-26T06:27:11","guid":{"rendered":"https:\/\/www.zaglebiak.com\/?p=13947"},"modified":"2022-07-26T08:27:15","modified_gmt":"2022-07-26T06:27:15","slug":"26-lipca-urodzili-sie-dariusz-puchalski-i-krzysztof-danielewicz-2","status":"publish","type":"post","link":"https:\/\/www.zaglebiak.com\/index.php\/2022\/07\/26\/26-lipca-urodzili-sie-dariusz-puchalski-i-krzysztof-danielewicz-2\/","title":{"rendered":"26 lipca urodzili si\u0119 Dariusz Puchalski i Krzysztof Danielewicz"},"content":{"rendered":"<div class=\"wp-block-image\">\n<figure class=\"aligncenter size-full\"><img loading=\"lazy\" decoding=\"async\" width=\"540\" height=\"720\" src=\"https:\/\/64.media.tumblr.com\/d4e730b31d2add0603a719fe8ae9f9e0\/2367aeac31942b61-cf\/s540x810\/e833160394fb5ebde84ff333087ce86afc2819bd.jpg\" alt=\"\" class=\"wp-image-13944\"\/><figcaption>Dariusz Puchalski<\/figcaption><\/figure>\n<\/div>\n\n\n<p>Dariusz Puchalski urodzi\u0142 si\u0119 26 lipca 1976 roku. Pe\u0142ni funkcj\u0119 g\u0142\u00f3wnego fizjoterapeuty pierwszej dru\u017cyny Zag\u0142\u0119bia Lubin.<\/p>\n\n\n\n<figure class=\"wp-block-image size-full\"><img loading=\"lazy\" decoding=\"async\" width=\"2000\" height=\"1333\" src=\"https:\/\/64.media.tumblr.com\/029db3173bf437074edea67daaac666b\/2367aeac31942b61-58\/s2048x3072\/b064b78d55b916f24c6b23464fdd0b41844144fc.jpg\" alt=\"\" class=\"wp-image-13946\"\/><figcaption>Krzysztof Danielewicz. Fot. stalrzeszow.pl<\/figcaption><\/figure>\n\n\n\n<p>Krzysztof Danielewicz urodzi\u0142 si\u0119 26 lipca 1991 roku we Wroc\u0142awiu. Wychowanek Parasola Wroc\u0142aw do Zag\u0142\u0119bia Lubin trafi\u0142 jesieni\u0105 2008 roku. Reprezentowa\u0142 dru\u017cyny juniorskie, ME i rezerwy Zag\u0142\u0119bia Lubin w latach 2008-2011. Mistrz M\u0142odej Ekstraklasy. Obecnie reprezentuje Stal Rzesz\u00f3w.<\/p>\n","protected":false},"excerpt":{"rendered":"<p>Dariusz Puchalski urodzi\u0142 si\u0119 26 lipca 1976 roku. Pe\u0142ni funkcj\u0119 g\u0142\u00f3wnego fizjoterapeuty pierwszej dru\u017cyny Zag\u0142\u0119bia Lubin. Krzysztof Danielewicz urodzi\u0142 si\u0119 26 lipca 1991 roku we Wroc\u0142awiu. Wychowanek Parasola Wroc\u0142aw do&hellip; <\/p>\n","protected":false},"author":1,"featured_media":13942,"comment_status":"open","ping_status":"open","sticky":false,"template":"","format":"standard","meta":{"footnotes":""},"categories":[46],"tags":[983,984,89],"class_list":["post-13947","post","type-post","status-publish","format-standard","has-post-thumbnail","hentry","category-aktualnosci","tag-dariusz-puchalski","tag-krzysztof-danielewicz","tag-zaglebie-lubin"],"_links":{"self":[{"href":"https:\/\/www.zaglebiak.com\/index.php\/wp-json\/wp\/v2\/posts\/13947","targetHints":{"allow":["GET"]}}],"collection":[{"href":"https:\/\/www.zaglebiak.com\/index.php\/wp-json\/wp\/v2\/posts"}],"about":[{"href":"https:\/\/www.zaglebiak.com\/index.php\/wp-json\/wp\/v2\/types\/post"}],"author":[{"embeddable":true,"href":"https:\/\/www.zaglebiak.com\/index.php\/wp-json\/wp\/v2\/users\/1"}],"replies":[{"embeddable":true,"href":"https:\/\/www.zaglebiak.com\/index.php\/wp-json\/wp\/v2\/comments?post=13947"}],"version-history":[{"count":1,"href":"https:\/\/www.zaglebiak.com\/index.php\/wp-json\/wp\/v2\/posts\/13947\/revisions"}],"predecessor-version":[{"id":13948,"href":"https:\/\/www.zaglebiak.com\/index.php\/wp-json\/wp\/v2\/posts\/13947\/revisions\/13948"}],"wp:featuredmedia":[{"embeddable":true,"href":"https:\/\/www.zaglebiak.com\/index.php\/wp-json\/wp\/v2\/media\/13942"}],"wp:attachment":[{"href":"https:\/\/www.zaglebiak.com\/index.php\/wp-json\/wp\/v2\/media?parent=13947"}],"wp:term":[{"taxonomy":"category","embeddable":true,"href":"https:\/\/www.zaglebiak.com\/index.php\/wp-json\/wp\/v2\/categories?post=13947"},{"taxonomy":"post_tag","embeddable":true,"href":"https:\/\/www.zaglebiak.com\/index.php\/wp-json\/wp\/v2\/tags?post=13947"}],"curies":[{"name":"wp","href":"https:\/\/api.w.org\/{rel}","templated":true}]}}