{"id":13263,"date":"2022-06-26T06:39:00","date_gmt":"2022-06-26T04:39:00","guid":{"rendered":"https:\/\/www.zaglebiak.com\/?p=13263"},"modified":"2022-06-25T21:42:18","modified_gmt":"2022-06-25T19:42:18","slug":"26-czerwca-urodzili-sie-igor-lasicki-andrzej-buchta-i-jan-daniec","status":"publish","type":"post","link":"https:\/\/www.zaglebiak.com\/index.php\/2022\/06\/26\/26-czerwca-urodzili-sie-igor-lasicki-andrzej-buchta-i-jan-daniec\/","title":{"rendered":"26 czerwca urodzili si\u0119 Igor \u0141asicki, Andrzej Buchta i Jan Daniec"},"content":{"rendered":"<div class=\"wp-block-image\">\n<figure class=\"aligncenter size-full\"><img loading=\"lazy\" decoding=\"async\" width=\"330\" height=\"495\" src=\"https:\/\/64.media.tumblr.com\/9c7b3ffb00e09ac4bd542e50d17d582f\/7ca65515369bd1fb-e1\/s400x600\/79f3daf394f94bc19e7deabe6e80510855f2a279.jpg\" alt=\"\" class=\"wp-image-13260\"\/><figcaption>Igor \u0141asicki. Fot. zaglebie.com<\/figcaption><\/figure>\n<\/div>\n\n\n<p>Igor \u0141asicki urodzi\u0142 si\u0119 26 czerwca 1995 roku w Wa\u0142brzychu. Do Zag\u0142\u0119bia Lubin trafi\u0142 z G\u00f3rnika Wa\u0142brzych. Gra\u0142 w juniorach i M\u0142odej Ekstraklasie. W 2012 roku odszed\u0142 do SSC Napoli. Obecnie jest zawodnikiem Wis\u0142y Krak\u00f3w.<\/p>\n\n\n\n<figure class=\"wp-block-image size-full\"><img loading=\"lazy\" decoding=\"async\" width=\"2048\" height=\"1424\" src=\"https:\/\/64.media.tumblr.com\/e6fe8fe13640e41e44918f0cc5f9a741\/7ca65515369bd1fb-7e\/s2048x3072\/8272eb9d802a2439ac9377b8582ec1a31bf25876.jpg\" alt=\"\" class=\"wp-image-13258\"\/><figcaption>Andrzej Buchta kuca 2 od prawej<\/figcaption><\/figure>\n\n\n\n<p>Andrzej Buchta urodzi\u0142 si\u0119 26 czerwca 1963 roku. Wychowanek Zag\u0142\u0119bia Lubin. Obro\u0144ca gra\u0142 w pierwszej dru\u017cynie.<\/p>\n\n\n\n<p>Jan Daniec urodzi\u0142 si\u0119 26 czerwca 1968 roku w K\u0142odzku. Wychowanek KS Trojan L\u0105dek Zdr\u00f3j. Do Zag\u0142\u0119bia Lubin trafi\u0142 z Pogoni Szczecin i sp\u0119dzi\u0142 u nas rund\u0119 wiosenn\u0105 1988 roku i powr\u00f3ci\u0142 do Pogoni. Zmar\u0142 w USA 24 grudnia 2007 roku.<\/p>\n","protected":false},"excerpt":{"rendered":"<p>Igor \u0141asicki urodzi\u0142 si\u0119 26 czerwca 1995 roku w Wa\u0142brzychu. Do Zag\u0142\u0119bia Lubin trafi\u0142 z G\u00f3rnika Wa\u0142brzych. Gra\u0142 w juniorach i M\u0142odej Ekstraklasie. W 2012 roku odszed\u0142 do SSC Napoli.&hellip; <\/p>\n","protected":false},"author":1,"featured_media":13258,"comment_status":"open","ping_status":"open","sticky":false,"template":"","format":"standard","meta":{"footnotes":""},"categories":[46],"tags":[925,923,924,89],"class_list":["post-13263","post","type-post","status-publish","format-standard","has-post-thumbnail","hentry","category-aktualnosci","tag-andrzej-buchta","tag-igor-lasicki","tag-jan-daniec","tag-zaglebie-lubin"],"_links":{"self":[{"href":"https:\/\/www.zaglebiak.com\/index.php\/wp-json\/wp\/v2\/posts\/13263","targetHints":{"allow":["GET"]}}],"collection":[{"href":"https:\/\/www.zaglebiak.com\/index.php\/wp-json\/wp\/v2\/posts"}],"about":[{"href":"https:\/\/www.zaglebiak.com\/index.php\/wp-json\/wp\/v2\/types\/post"}],"author":[{"embeddable":true,"href":"https:\/\/www.zaglebiak.com\/index.php\/wp-json\/wp\/v2\/users\/1"}],"replies":[{"embeddable":true,"href":"https:\/\/www.zaglebiak.com\/index.php\/wp-json\/wp\/v2\/comments?post=13263"}],"version-history":[{"count":1,"href":"https:\/\/www.zaglebiak.com\/index.php\/wp-json\/wp\/v2\/posts\/13263\/revisions"}],"predecessor-version":[{"id":13264,"href":"https:\/\/www.zaglebiak.com\/index.php\/wp-json\/wp\/v2\/posts\/13263\/revisions\/13264"}],"wp:featuredmedia":[{"embeddable":true,"href":"https:\/\/www.zaglebiak.com\/index.php\/wp-json\/wp\/v2\/media\/13258"}],"wp:attachment":[{"href":"https:\/\/www.zaglebiak.com\/index.php\/wp-json\/wp\/v2\/media?parent=13263"}],"wp:term":[{"taxonomy":"category","embeddable":true,"href":"https:\/\/www.zaglebiak.com\/index.php\/wp-json\/wp\/v2\/categories?post=13263"},{"taxonomy":"post_tag","embeddable":true,"href":"https:\/\/www.zaglebiak.com\/index.php\/wp-json\/wp\/v2\/tags?post=13263"}],"curies":[{"name":"wp","href":"https:\/\/api.w.org\/{rel}","templated":true}]}}