{"id":12605,"date":"2022-05-29T06:32:00","date_gmt":"2022-05-29T04:32:00","guid":{"rendered":"https:\/\/www.zaglebiak.com\/?p=12605"},"modified":"2022-05-28T20:34:24","modified_gmt":"2022-05-28T18:34:24","slug":"29-maja-1975-r-urodzil-sie-jacek-banaszynski","status":"publish","type":"post","link":"https:\/\/www.zaglebiak.com\/index.php\/2022\/05\/29\/29-maja-1975-r-urodzil-sie-jacek-banaszynski\/","title":{"rendered":"29 maja 1975 r. urodzi\u0142 si\u0119 Jacek Banaszy\u0144ski"},"content":{"rendered":"\n<figure class=\"wp-block-image size-full\"><img loading=\"lazy\" decoding=\"async\" width=\"2048\" height=\"2731\" src=\"https:\/\/64.media.tumblr.com\/79a80f80ee130ba7128a0931589c8090\/a8dfbd7eb311609a-a3\/s2048x3072\/2a5e9f4226a5c6f92749afe2b13a8e0a32027191.jpg\" alt=\"\" class=\"wp-image-12600\"\/><figcaption>Jacek Banaszy\u0144ski. Fot. Jerzy Kosi\u0144ski<\/figcaption><\/figure>\n\n\n\n<p>Jacek Banaszy\u0144ski urodzi\u0142 si\u0119 29 maja 1975 roku w Jaworze. Popularny Banan jest wychowankiem Zag\u0142\u0119bia Lubin. Bramkarz zwi\u0105zany z Zag\u0142\u0119biem Lubin do jesieni 1998 roku. W mi\u0119dzyczasie wypo\u017cyczany do Chrobrego G\u0142og\u00f3w, Zawiszy Bydgoszcz i G\u00f3rnika Wa\u0142brzych. P\u00f3\u017aniej reprezentowa\u0142 barwy Miedzi Legnica, G\u00f3rnika Polkowice, Polonii Warszawa, GKS Be\u0142chat\u00f3w, Jagiellonii Bia\u0142ystok, \u015al\u0105ska Wroc\u0142aw i TUR-a Bielsk Podlaski.<\/p>\n\n\n\n<figure class=\"wp-block-embed is-type-wp-embed is-provider-zaglebiak wp-block-embed-zaglebiak\"><div class=\"wp-block-embed__wrapper\">\n<blockquote class=\"wp-embedded-content\" data-secret=\"TilBtzLARw\"><a href=\"https:\/\/www.zaglebiak.com\/index.php\/2020\/12\/06\/jacek-banaszynski\/\">Jacek Banaszy\u0144ski<\/a><\/blockquote><iframe loading=\"lazy\" class=\"wp-embedded-content\" sandbox=\"allow-scripts\" security=\"restricted\" style=\"position: absolute; clip: rect(1px, 1px, 1px, 1px);\" title=\"&#8222;Jacek Banaszy\u0144ski&#8221; &#8212; Zag\u0142\u0119biak\" src=\"https:\/\/www.zaglebiak.com\/index.php\/2020\/12\/06\/jacek-banaszynski\/embed\/#?secret=mFE3TI2OC9#?secret=TilBtzLARw\" data-secret=\"TilBtzLARw\" width=\"600\" height=\"338\" frameborder=\"0\" marginwidth=\"0\" marginheight=\"0\" scrolling=\"no\"><\/iframe>\n<\/div><\/figure>\n","protected":false},"excerpt":{"rendered":"<p>Jacek Banaszy\u0144ski urodzi\u0142 si\u0119 29 maja 1975 roku w Jaworze. Popularny Banan jest wychowankiem Zag\u0142\u0119bia Lubin. Bramkarz zwi\u0105zany z Zag\u0142\u0119biem Lubin do jesieni 1998 roku. W mi\u0119dzyczasie wypo\u017cyczany do Chrobrego&hellip; <\/p>\n","protected":false},"author":1,"featured_media":12598,"comment_status":"open","ping_status":"open","sticky":false,"template":"","format":"standard","meta":{"footnotes":""},"categories":[46],"tags":[470,89],"class_list":["post-12605","post","type-post","status-publish","format-standard","has-post-thumbnail","hentry","category-aktualnosci","tag-jacek-banaszynski","tag-zaglebie-lubin"],"_links":{"self":[{"href":"https:\/\/www.zaglebiak.com\/index.php\/wp-json\/wp\/v2\/posts\/12605","targetHints":{"allow":["GET"]}}],"collection":[{"href":"https:\/\/www.zaglebiak.com\/index.php\/wp-json\/wp\/v2\/posts"}],"about":[{"href":"https:\/\/www.zaglebiak.com\/index.php\/wp-json\/wp\/v2\/types\/post"}],"author":[{"embeddable":true,"href":"https:\/\/www.zaglebiak.com\/index.php\/wp-json\/wp\/v2\/users\/1"}],"replies":[{"embeddable":true,"href":"https:\/\/www.zaglebiak.com\/index.php\/wp-json\/wp\/v2\/comments?post=12605"}],"version-history":[{"count":1,"href":"https:\/\/www.zaglebiak.com\/index.php\/wp-json\/wp\/v2\/posts\/12605\/revisions"}],"predecessor-version":[{"id":12606,"href":"https:\/\/www.zaglebiak.com\/index.php\/wp-json\/wp\/v2\/posts\/12605\/revisions\/12606"}],"wp:featuredmedia":[{"embeddable":true,"href":"https:\/\/www.zaglebiak.com\/index.php\/wp-json\/wp\/v2\/media\/12598"}],"wp:attachment":[{"href":"https:\/\/www.zaglebiak.com\/index.php\/wp-json\/wp\/v2\/media?parent=12605"}],"wp:term":[{"taxonomy":"category","embeddable":true,"href":"https:\/\/www.zaglebiak.com\/index.php\/wp-json\/wp\/v2\/categories?post=12605"},{"taxonomy":"post_tag","embeddable":true,"href":"https:\/\/www.zaglebiak.com\/index.php\/wp-json\/wp\/v2\/tags?post=12605"}],"curies":[{"name":"wp","href":"https:\/\/api.w.org\/{rel}","templated":true}]}}