{"id":11686,"date":"2022-04-17T06:01:00","date_gmt":"2022-04-17T04:01:00","guid":{"rendered":"https:\/\/www.zaglebiak.com\/?p=11686"},"modified":"2022-04-17T20:08:48","modified_gmt":"2022-04-17T18:08:48","slug":"17-kwietnia-urodzili-sie-krzysztof-wolczek-i-janusz-budnicki","status":"publish","type":"post","link":"https:\/\/www.zaglebiak.com\/index.php\/2022\/04\/17\/17-kwietnia-urodzili-sie-krzysztof-wolczek-i-janusz-budnicki\/","title":{"rendered":"17 kwietnia urodzili si\u0119 Krzysztof Wo\u0142czek i Janusz Budnicki"},"content":{"rendered":"\n<figure class=\"wp-block-image size-full\"><img loading=\"lazy\" decoding=\"async\" width=\"2048\" height=\"3072\" src=\"https:\/\/64.media.tumblr.com\/e15f43a3e9cf58192d6e5d51fae3d6ce\/e870ea3d7454541f-74\/s2048x3072\/499d6ea7ce79b356290c9a07bf66651bacdb775a.jpg\" alt=\"\" class=\"wp-image-11685\"\/><figcaption>Krzysztof Wo\u0142czek. Fot. Jerzy Kosi\u0144ski<\/figcaption><\/figure>\n\n\n\n<p>Krzysztof Wo\u0142czek urodzi\u0142 si\u0119 17 kwietnia 1979 roku we Wroc\u0142awiu. Obro\u0144ca do Zag\u0142\u0119bia Lubin trafi\u0142 ze \u015al\u0119zy Wroc\u0142aw. W latach 1998-2002 rozegra\u0142 5 spotka\u0144. W mi\u0119dzyczasie by\u0142 r\u00f3wnie\u017c wypo\u017cyczany do Miedzi Legnica, Chrobrego G\u0142og\u00f3w czy \u015awitu Nowy Dw\u00f3r Mazowiecki. Najbardziej znany jest z gry w \u015al\u0105sku Wroc\u0142aw, z kt\u00f3rym \u015bwi\u0119towa\u0142 zdobycie Pucharu Ekstraklasy i mistrzostwa Polski w 2012 roku. Obecnie jest trenerem w sztabie pierwszej dru\u017cyny wroc\u0142awskiego klubu.<\/p>\n\n\n\n<figure class=\"wp-block-image size-full is-resized\"><img loading=\"lazy\" decoding=\"async\" src=\"https:\/\/64.media.tumblr.com\/b94d82af1bb3a8f977f87e6affccce40\/895eb45cef4449f6-90\/s540x810\/376a6f711b2ace24cf7ac686ff9286ba93f100b8.jpg\" alt=\"\" class=\"wp-image-11688\" width=\"827\" height=\"1034\"\/><figcaption>Janusz Budnicki. Fot. z fb<\/figcaption><\/figure>\n\n\n\n<p>Janusz Budnicki urodzi\u0142 si\u0119 17 kwietnia 1955 roku. Lubi\u0144ski fotograf, kt\u00f3ry dokumentowa\u0142 spotkania Zag\u0142\u0119bia Lubin. Zmar\u0142 14 grudnia 2021 roku w Niemczech. <\/p>\n","protected":false},"excerpt":{"rendered":"<p>Krzysztof Wo\u0142czek urodzi\u0142 si\u0119 17 kwietnia 1979 roku we Wroc\u0142awiu. Obro\u0144ca do Zag\u0142\u0119bia Lubin trafi\u0142 ze \u015al\u0119zy Wroc\u0142aw. W latach 1998-2002 rozegra\u0142 5 spotka\u0144. W mi\u0119dzyczasie by\u0142 r\u00f3wnie\u017c wypo\u017cyczany do&hellip; <\/p>\n","protected":false},"author":1,"featured_media":11683,"comment_status":"open","ping_status":"open","sticky":false,"template":"","format":"standard","meta":{"footnotes":""},"categories":[46],"tags":[1429,697,89],"class_list":["post-11686","post","type-post","status-publish","format-standard","has-post-thumbnail","hentry","category-aktualnosci","tag-janusz-budnicki","tag-krzysztof-wolczek","tag-zaglebie-lubin"],"_links":{"self":[{"href":"https:\/\/www.zaglebiak.com\/index.php\/wp-json\/wp\/v2\/posts\/11686","targetHints":{"allow":["GET"]}}],"collection":[{"href":"https:\/\/www.zaglebiak.com\/index.php\/wp-json\/wp\/v2\/posts"}],"about":[{"href":"https:\/\/www.zaglebiak.com\/index.php\/wp-json\/wp\/v2\/types\/post"}],"author":[{"embeddable":true,"href":"https:\/\/www.zaglebiak.com\/index.php\/wp-json\/wp\/v2\/users\/1"}],"replies":[{"embeddable":true,"href":"https:\/\/www.zaglebiak.com\/index.php\/wp-json\/wp\/v2\/comments?post=11686"}],"version-history":[{"count":2,"href":"https:\/\/www.zaglebiak.com\/index.php\/wp-json\/wp\/v2\/posts\/11686\/revisions"}],"predecessor-version":[{"id":11754,"href":"https:\/\/www.zaglebiak.com\/index.php\/wp-json\/wp\/v2\/posts\/11686\/revisions\/11754"}],"wp:featuredmedia":[{"embeddable":true,"href":"https:\/\/www.zaglebiak.com\/index.php\/wp-json\/wp\/v2\/media\/11683"}],"wp:attachment":[{"href":"https:\/\/www.zaglebiak.com\/index.php\/wp-json\/wp\/v2\/media?parent=11686"}],"wp:term":[{"taxonomy":"category","embeddable":true,"href":"https:\/\/www.zaglebiak.com\/index.php\/wp-json\/wp\/v2\/categories?post=11686"},{"taxonomy":"post_tag","embeddable":true,"href":"https:\/\/www.zaglebiak.com\/index.php\/wp-json\/wp\/v2\/tags?post=11686"}],"curies":[{"name":"wp","href":"https:\/\/api.w.org\/{rel}","templated":true}]}}