{"id":10528,"date":"2022-02-07T08:23:27","date_gmt":"2022-02-07T07:23:27","guid":{"rendered":"https:\/\/www.zaglebiak.com\/?p=10528"},"modified":"2022-02-07T08:23:29","modified_gmt":"2022-02-07T07:23:29","slug":"7-lutego-urodzili-sie-ryszard-panfil-marek-zuchowski-rafal-hubscher-filipe-felix-i-kornel-osyra","status":"publish","type":"post","link":"https:\/\/www.zaglebiak.com\/index.php\/2022\/02\/07\/7-lutego-urodzili-sie-ryszard-panfil-marek-zuchowski-rafal-hubscher-filipe-felix-i-kornel-osyra\/","title":{"rendered":"7 lutego urodzili si\u0119 Ryszard Panfil, Marek \u017buchowski, Rafa\u0142 H\u00fcbscher, Filipe Felix i Kornel Osyra."},"content":{"rendered":"\n<figure class=\"wp-block-image size-full\"><img loading=\"lazy\" decoding=\"async\" width=\"1817\" height=\"2809\" src=\"https:\/\/64.media.tumblr.com\/2da1035bfea23ab9fd8055df040ef06a\/9401ed45090170bb-2c\/s2048x3072\/da8bae3f080e2845e23d6d6dd2ed38a4fba5fa3d.jpg\" alt=\"\" class=\"wp-image-10517\"\/><figcaption>Ryszard Panfil. Fot. Jerzy Kosi\u0144ski<\/figcaption><\/figure>\n\n\n\n<p>Ryszard Panfil urodzi\u0142 si\u0119 7 lutego 1959 roku w Sul\u0119cinie. Profesor dr hab. i specjalista w zakresie teorii gier sportowych. Z Zag\u0142\u0119biem Lubin zwi\u0105zany w latach 90. Wsp\u00f3\u0142tworzy\u0142 wraz z trenerem Marianem Putyr\u0105 duet, kt\u00f3ry doprowadzi\u0142 nasz klub do pierwszego mistrzostwa Polski. Pe\u0142ni\u0142 rol\u0119 mened\u017cera klubu. Zmar\u0142 18 marca 2019 roku w Lesznie.<\/p>\n\n\n\n<figure class=\"wp-block-image size-full\"><img loading=\"lazy\" decoding=\"async\" width=\"1130\" height=\"805\" src=\"https:\/\/64.media.tumblr.com\/1e2973d287e61eb5653eae976815cda7\/9401ed45090170bb-a6\/s1280x1920\/efdd0b8fd363be7de257a513e67bf5bbfa4a5185.jpg\" alt=\"\" class=\"wp-image-10523\"\/><figcaption>Marek \u017buchowski stoi 4 od prawej<\/figcaption><\/figure>\n\n\n\n<p>Marek \u017buchowski urodzi\u0142 si\u0119 7 lutego 1963 roku. Wychowanek Zag\u0142\u0119bia Lubin. W latach 1982-1983 by\u0142 zawodnikiem pierwszej dru\u017cyny.<\/p>\n\n\n\n<figure class=\"wp-block-image size-full is-resized\"><img loading=\"lazy\" decoding=\"async\" src=\"https:\/\/64.media.tumblr.com\/bcc0bea18c1957757941ba4fbac11ea6\/9401ed45090170bb-b8\/s1280x1920\/5248c52f101c3f3499df02f86c17eb2734e75eb1.jpg\" alt=\"\" class=\"wp-image-10521\" width=\"839\" height=\"524\"\/><figcaption>Rafa\u0142 H\u00fcbscher stoi 2 od prawej. Fot. Jerzy Kosi\u0144ski<\/figcaption><\/figure>\n\n\n\n<p>Rafa\u0142 H\u00fcbscher urodzi\u0142 si\u0119 7 lutego 1976 roku w Lubinie. Wychowanek Zag\u0142\u0119bia Lubin. W Ekstraklasie obro\u0144ca rozegra\u0142 9 mecz\u00f3w dla Zag\u0142\u0119bia. By\u0142 r\u00f3wnie\u017c zawodnikiem Karkonoszy Jelenia G\u00f3ra, Chrobrego G\u0142og\u00f3w, Pogoni Szczecin, Promienia \u017bary, Polaru Wroc\u0142aw, Lecha Pozna\u0144, G\u00f3rnika Polkowice.<\/p>\n\n\n\n<div class=\"wp-block-image\"><figure class=\"aligncenter size-full is-resized\"><img loading=\"lazy\" decoding=\"async\" src=\"https:\/\/64.media.tumblr.com\/0a6741ab45d46f334853dd86aef147b4\/9401ed45090170bb-20\/s400x600\/081f142074ebbacad316c012aa9d09257cc710f9.jpg\" alt=\"\" class=\"wp-image-10527\" width=\"531\" height=\"743\"\/><figcaption>Filipe Felix<\/figcaption><\/figure><\/div>\n\n\n\n<p>Filipe Felix urodzi\u0142 si\u0119 7 lutego 1986 roku w Ipatinga (Brazylia). Do Zag\u0142\u0119bia Lubin trafi\u0142 z G\u00f3rnika Zabrze wiosn\u0105 2006 roku. W latach 2006-2007 rozegra\u0142 21 mecz\u00f3w dla lubi\u0144skiej dru\u017cyny i \u015bwi\u0119towa\u0142 z ni\u0105 drugie mistrzostwo Polski.<\/p>\n\n\n\n<div class=\"wp-block-image\"><figure class=\"aligncenter size-full is-resized\"><img loading=\"lazy\" decoding=\"async\" src=\"https:\/\/64.media.tumblr.com\/5781da10d28ee55c0e62bcb8223c58c9\/9401ed45090170bb-c0\/s540x810\/8bb522c33d93dec599d285ad014a85ec18b62fc9.jpg\" alt=\"\" class=\"wp-image-10525\" width=\"649\" height=\"660\"\/><figcaption>Kornel Osyra. Fot. Mariusz Babicz<\/figcaption><\/figure><\/div>\n\n\n\n<p>Kornel Osyra urodzi\u0142 si\u0119 7 lutego 1993 roku w Brzegu Dolnym. Z Zag\u0142\u0119biem Lubin zwi\u0105zany w latach 2009-2012. Z Zag\u0142\u0119bia Lubin odszed\u0142 do Piasta Gliwice. Obecnie jest zawodnikiem Sandecji Nowy S\u0105cz. <\/p>\n","protected":false},"excerpt":{"rendered":"<p>Ryszard Panfil urodzi\u0142 si\u0119 7 lutego 1959 roku w Sul\u0119cinie. Profesor dr hab. i specjalista w zakresie teorii gier sportowych. Z Zag\u0142\u0119biem Lubin zwi\u0105zany w latach 90. Wsp\u00f3\u0142tworzy\u0142 wraz z&hellip; <\/p>\n","protected":false},"author":1,"featured_media":10519,"comment_status":"open","ping_status":"open","sticky":false,"template":"","format":"standard","meta":{"footnotes":""},"categories":[46],"tags":[371,372,370,368,369,89],"class_list":["post-10528","post","type-post","status-publish","format-standard","has-post-thumbnail","hentry","category-aktualnosci","tag-felipe-felix","tag-kornel-osyra","tag-marek-zuchowski","tag-rafal-hubscher","tag-ryszard-panfil","tag-zaglebie-lubin"],"_links":{"self":[{"href":"https:\/\/www.zaglebiak.com\/index.php\/wp-json\/wp\/v2\/posts\/10528","targetHints":{"allow":["GET"]}}],"collection":[{"href":"https:\/\/www.zaglebiak.com\/index.php\/wp-json\/wp\/v2\/posts"}],"about":[{"href":"https:\/\/www.zaglebiak.com\/index.php\/wp-json\/wp\/v2\/types\/post"}],"author":[{"embeddable":true,"href":"https:\/\/www.zaglebiak.com\/index.php\/wp-json\/wp\/v2\/users\/1"}],"replies":[{"embeddable":true,"href":"https:\/\/www.zaglebiak.com\/index.php\/wp-json\/wp\/v2\/comments?post=10528"}],"version-history":[{"count":1,"href":"https:\/\/www.zaglebiak.com\/index.php\/wp-json\/wp\/v2\/posts\/10528\/revisions"}],"predecessor-version":[{"id":10529,"href":"https:\/\/www.zaglebiak.com\/index.php\/wp-json\/wp\/v2\/posts\/10528\/revisions\/10529"}],"wp:featuredmedia":[{"embeddable":true,"href":"https:\/\/www.zaglebiak.com\/index.php\/wp-json\/wp\/v2\/media\/10519"}],"wp:attachment":[{"href":"https:\/\/www.zaglebiak.com\/index.php\/wp-json\/wp\/v2\/media?parent=10528"}],"wp:term":[{"taxonomy":"category","embeddable":true,"href":"https:\/\/www.zaglebiak.com\/index.php\/wp-json\/wp\/v2\/categories?post=10528"},{"taxonomy":"post_tag","embeddable":true,"href":"https:\/\/www.zaglebiak.com\/index.php\/wp-json\/wp\/v2\/tags?post=10528"}],"curies":[{"name":"wp","href":"https:\/\/api.w.org\/{rel}","templated":true}]}}