{"id":10305,"date":"2022-02-02T10:45:50","date_gmt":"2022-02-02T09:45:50","guid":{"rendered":"https:\/\/www.zaglebiak.com\/?p=10305"},"modified":"2022-02-02T11:23:55","modified_gmt":"2022-02-02T10:23:55","slug":"2-lutego-urodzili-sie-radoslaw-kaluzny-alan-czerwinski-i-tymon-sobek","status":"publish","type":"post","link":"https:\/\/www.zaglebiak.com\/index.php\/2022\/02\/02\/2-lutego-urodzili-sie-radoslaw-kaluzny-alan-czerwinski-i-tymon-sobek\/","title":{"rendered":"2 lutego urodzili si\u0119 Rados\u0142aw Ka\u0142u\u017cny, Alan Czerwi\u0144ski i Tymon Sobek."},"content":{"rendered":"\n<figure class=\"wp-block-image size-full is-resized\"><img loading=\"lazy\" decoding=\"async\" src=\"https:\/\/64.media.tumblr.com\/550b553e808855b21d8218458571c0b7\/e4d3bd0eaa760cdf-30\/s640x960\/500e284bf7e6cd509a08cecefc0b93e29809a74a.jpg\" alt=\"\" class=\"wp-image-10296\" width=\"832\" height=\"1272\"\/><figcaption>Rados\u0142aw Ka\u0142u\u017cny. Fot. Jerzy Kosi\u0144ski<\/figcaption><\/figure>\n\n\n\n<p>Rados\u0142aw Ka\u0142u\u017cny urodzi\u0142 si\u0119 2 lutego 1974 roku w G\u00f3rze. Wychowanek Zag\u0142\u0119bia Lubin. W latach 1992-1997 w pierwszej dru\u017cynie rozegra\u0142 163 mecze i strzeli\u0142 22 bramki. Wiosn\u0105 1998 roku odszed\u0142 do Wis\u0142y Krak\u00f3w. Gra\u0142 w takich klubach jak:FC Energie Cottbus, TSV Bayer 04 Leverkusen, SC Rot-Weiss Essen, LR Ahlen, AEL Limassol, Jagiellonii Bia\u0142ystok i Chrobrym G\u0142og\u00f3w. W reprezentacji Polski zagra\u0142 41 spotka\u0144 i strzeli\u0142 11 bramek.<\/p>\n\n\n\n<figure class=\"wp-block-image size-full\"><img loading=\"lazy\" decoding=\"async\" width=\"800\" height=\"1200\" src=\"https:\/\/64.media.tumblr.com\/a4b2bbbedc7878b054a8245ab15cca24\/e4d3bd0eaa760cdf-e0\/s1280x1920\/5bdce5c1fde6c4a0aa933a76d33ed686cbdaf5b2.jpg\" alt=\"\" class=\"wp-image-10298\"\/><figcaption>Alan Czerwi\u0144ski. Fot. zaglebie.com<\/figcaption><\/figure>\n\n\n\n<p>Alan Czerwi\u0144ski urodzi\u0142 si\u0119 2 lutego 1993 roku w Olkuszu. Do Zag\u0142\u0119bia Lubin trafi\u0142 z GKS Katowice. W latach 2017-2020 rozegra\u0142 82 mecze i strzeli\u0142 2 bramki. Obecnie reprezentuje Lecha Pozna\u0144. Zadebiutowa\u0142 r\u00f3wnie\u017c w Reprezentacji Polski.<\/p>\n\n\n\n<figure class=\"wp-block-image size-full is-resized\"><img loading=\"lazy\" decoding=\"async\" src=\"https:\/\/64.media.tumblr.com\/8c9afe032b216cf56595d20acc774246\/df5f19d96e7deda9-11\/s540x810\/1ec8b94951c0a7f9ef1c5f2c640ce3e89fb60dcd.jpg\" alt=\"\" class=\"wp-image-10307\" width=\"834\" height=\"836\"\/><figcaption>Tymon Sobek. Fot. zaglebie.com<\/figcaption><\/figure>\n\n\n\n<p>Tymon Sobek urodzi\u0142 si\u0119 2 lutego 2006 roku w Gliwicach. Obecnie reprezentuje U-17 graj\u0105ce w CLJ u trenera Bo\u017cyczko.<\/p>\n","protected":false},"excerpt":{"rendered":"<p>Rados\u0142aw Ka\u0142u\u017cny urodzi\u0142 si\u0119 2 lutego 1974 roku w G\u00f3rze. Wychowanek Zag\u0142\u0119bia Lubin. W latach 1992-1997 w pierwszej dru\u017cynie rozegra\u0142 163 mecze i strzeli\u0142 22 bramki. Wiosn\u0105 1998 roku odszed\u0142&hellip; <\/p>\n","protected":false},"author":1,"featured_media":10300,"comment_status":"open","ping_status":"open","sticky":false,"template":"","format":"standard","meta":{"footnotes":""},"categories":[46],"tags":[271,355,1316,89],"class_list":["post-10305","post","type-post","status-publish","format-standard","has-post-thumbnail","hentry","category-aktualnosci","tag-alan-czerwinski","tag-radoslaw-kaluzny","tag-tymon-sobek","tag-zaglebie-lubin"],"_links":{"self":[{"href":"https:\/\/www.zaglebiak.com\/index.php\/wp-json\/wp\/v2\/posts\/10305","targetHints":{"allow":["GET"]}}],"collection":[{"href":"https:\/\/www.zaglebiak.com\/index.php\/wp-json\/wp\/v2\/posts"}],"about":[{"href":"https:\/\/www.zaglebiak.com\/index.php\/wp-json\/wp\/v2\/types\/post"}],"author":[{"embeddable":true,"href":"https:\/\/www.zaglebiak.com\/index.php\/wp-json\/wp\/v2\/users\/1"}],"replies":[{"embeddable":true,"href":"https:\/\/www.zaglebiak.com\/index.php\/wp-json\/wp\/v2\/comments?post=10305"}],"version-history":[{"count":2,"href":"https:\/\/www.zaglebiak.com\/index.php\/wp-json\/wp\/v2\/posts\/10305\/revisions"}],"predecessor-version":[{"id":10313,"href":"https:\/\/www.zaglebiak.com\/index.php\/wp-json\/wp\/v2\/posts\/10305\/revisions\/10313"}],"wp:featuredmedia":[{"embeddable":true,"href":"https:\/\/www.zaglebiak.com\/index.php\/wp-json\/wp\/v2\/media\/10300"}],"wp:attachment":[{"href":"https:\/\/www.zaglebiak.com\/index.php\/wp-json\/wp\/v2\/media?parent=10305"}],"wp:term":[{"taxonomy":"category","embeddable":true,"href":"https:\/\/www.zaglebiak.com\/index.php\/wp-json\/wp\/v2\/categories?post=10305"},{"taxonomy":"post_tag","embeddable":true,"href":"https:\/\/www.zaglebiak.com\/index.php\/wp-json\/wp\/v2\/tags?post=10305"}],"curies":[{"name":"wp","href":"https:\/\/api.w.org\/{rel}","templated":true}]}}